{"id":5657,"date":"2017-10-09T15:00:11","date_gmt":"2017-10-09T20:00:11","guid":{"rendered":"http:\/\/riograndezac.gob.mx\/informatica\/?p=5657"},"modified":"2017-10-09T15:00:11","modified_gmt":"2017-10-09T20:00:11","slug":"arrancan-las-actividades-de-la-3ra-semana-nacional-de-salud-2017","status":"publish","type":"post","link":"https:\/\/riograndezac.gob.mx\/informatica\/?p=5657","title":{"rendered":"Arrancan las actividades de la 3ra. Semana Nacional de Salud 2017"},"content":{"rendered":"<p>&nbsp;<\/p>\n<p>Con la aplicaci\u00f3n de la primera dosis de la vacuna contra la poliomielitis por parte del Alcalde, de Rio Grande, dieron inicio las actividades de la 3ra. Semana Nacional de Salud 2017.<\/p>\n<p>Como parte se de las acciones de salud se aplicar\u00e1n a las ni\u00f1as y ni\u00f1os de 6 meses a 5 a\u00f1os la vacuna Sabin contra la polio; a las ni\u00f1as y ni\u00f1os de 6 a\u00f1os y de nuevo ingreso a la primaria, la vacuna Triple Viral (SRP), y a ni\u00f1as de 5\u00b0 grado o 11 a\u00f1os, la primera dosis de la vacuna contra el Virus del Papiloma Humano (VPH).<\/p>\n<p>De igual forma paralelamente se estar\u00e1 entregando un sobre de vida suero oral a las madres de los ni\u00f1os y ni\u00f1as vacunados con la finalidad de dotarlos de elementos que les permitan en un momento necesario, de un coadyuvante en caso de presentarse deshidrataci\u00f3n en el menor.<\/p>\n<p>Las acciones estar\u00e1n encaminadas principalmente para los ni\u00f1os y ni\u00f1as de las escuelas y un objetivo importante ser\u00e1n las ni\u00f1as que cursan el 5\u00b0 grado de primaria y que ya tienen 11 a\u00f1os, ya que por primera vez se les estar\u00e1 aplicando la vacuna contra el Virus del Papiloma Humano.<\/p>\n<p>&nbsp;<\/p>\n","protected":false},"excerpt":{"rendered":"<p>Con la aplicaci\u00f3n de la primera dosis de la vacuna contra la poliomielitis por parte del Alcalde, de Rio Grande, dieron inicio las actividades de la 3ra. Semana Nacional de Salud 2017.<\/p>\n","protected":false},"author":1,"featured_media":5658,"comment_status":"closed","ping_status":"closed","sticky":false,"template":"","format":"standard","meta":{"_monsterinsights_skip_tracking":false,"_monsterinsights_sitenote_active":false,"_monsterinsights_sitenote_note":"","_monsterinsights_sitenote_category":0,"footnotes":""},"categories":[4],"tags":[12,18],"class_list":["post-5657","post","type-post","status-publish","format-standard","has-post-thumbnail","hentry","category-boletines","tag-comunicacion-social","tag-gobierno-municipal-rio-grande"],"jetpack_featured_media_url":"https:\/\/riograndezac.gob.mx\/informatica\/wp-content\/uploads\/2017\/10\/20171009_084056.jpg","_links":{"self":[{"href":"https:\/\/riograndezac.gob.mx\/informatica\/index.php?rest_route=\/wp\/v2\/posts\/5657","targetHints":{"allow":["GET"]}}],"collection":[{"href":"https:\/\/riograndezac.gob.mx\/informatica\/index.php?rest_route=\/wp\/v2\/posts"}],"about":[{"href":"https:\/\/riograndezac.gob.mx\/informatica\/index.php?rest_route=\/wp\/v2\/types\/post"}],"author":[{"embeddable":true,"href":"https:\/\/riograndezac.gob.mx\/informatica\/index.php?rest_route=\/wp\/v2\/users\/1"}],"replies":[{"embeddable":true,"href":"https:\/\/riograndezac.gob.mx\/informatica\/index.php?rest_route=%2Fwp%2Fv2%2Fcomments&post=5657"}],"version-history":[{"count":1,"href":"https:\/\/riograndezac.gob.mx\/informatica\/index.php?rest_route=\/wp\/v2\/posts\/5657\/revisions"}],"predecessor-version":[{"id":5659,"href":"https:\/\/riograndezac.gob.mx\/informatica\/index.php?rest_route=\/wp\/v2\/posts\/5657\/revisions\/5659"}],"wp:featuredmedia":[{"embeddable":true,"href":"https:\/\/riograndezac.gob.mx\/informatica\/index.php?rest_route=\/wp\/v2\/media\/5658"}],"wp:attachment":[{"href":"https:\/\/riograndezac.gob.mx\/informatica\/index.php?rest_route=%2Fwp%2Fv2%2Fmedia&parent=5657"}],"wp:term":[{"taxonomy":"category","embeddable":true,"href":"https:\/\/riograndezac.gob.mx\/informatica\/index.php?rest_route=%2Fwp%2Fv2%2Fcategories&post=5657"},{"taxonomy":"post_tag","embeddable":true,"href":"https:\/\/riograndezac.gob.mx\/informatica\/index.php?rest_route=%2Fwp%2Fv2%2Ftags&post=5657"}],"curies":[{"name":"wp","href":"https:\/\/api.w.org\/{rel}","templated":true}]}}