{"id":581,"date":"2015-06-30T14:28:42","date_gmt":"2015-06-30T14:28:42","guid":{"rendered":"http:\/\/riograndezac.gob.mx\/informatica\/?p=581"},"modified":"2015-07-06T16:00:42","modified_gmt":"2015-07-06T16:00:42","slug":"gracias-al-apoyo-del-alcalde-constantino-castaneda-munoz-en-coordinacion-con-la-secretaria-de-educacion-de-zacatecas-se-logro-gestionar-casi-1-millon-de-pesos-la-rehabilitacion-del-jardin-de-ninos","status":"publish","type":"post","link":"https:\/\/riograndezac.gob.mx\/informatica\/?p=581","title":{"rendered":"Gracias al apoyo del alcalde Constantino Casta\u00f1eda Mu\u00f1oz en coordinaci\u00f3n con la Secretar\u00eda de Educaci\u00f3n de Zacatecas, se logr\u00f3 gestionar casi 1 mill\u00f3n de pesos la rehabilitaci\u00f3n del jard\u00edn de ni\u00f1os \u201cManuel Eduardo Gorotiza\u201d de la comunidad de los Conde de R\u00edo Grande."},"content":{"rendered":"<p><img loading=\"lazy\" decoding=\"async\" id=\"__wp-temp-img-id\" class=\" aligncenter\" title=\"\" src=\"https:\/\/riograndezac.gob.mx\/informatica\/wp-content\/uploads\/2015\/06\/Los-Conde-2.jpg\" alt=\"\" width=\"700\" height=\"465\" \/><\/p>\n<p>&nbsp;<\/p>\n<p>Ante la presencia de las y los habitantes de la comunidad, maestros, madres y padres de familia de los alumnos que cursan aqu\u00ed el nivel preescolar se realiz\u00f3 la reinauguraci\u00f3n del jard\u00edn de ni\u00f1os en la infraestructura, con una inversi\u00f3n de 951 mil 931 pesos que generar\u00e1 unas instalaciones dignas y de la mejor calidad para el sano esparcimiento, la buena ense\u00f1anza y educaci\u00f3n a los ni\u00f1os de la actual y futuras generaciones.<\/p>\n<p>&nbsp;<\/p>\n<p>La directora del jard\u00edn de ni\u00f1os Mar\u00eda Alis Carrillo Garc\u00eda coment\u00f3 que \u201ces la primera vez en 30 a\u00f1os que el jard\u00edn de ni\u00f1os recibe un apoyo, de antemano queremos agradecer a nombre de los padres de familia al alcalde Constantino Casta\u00f1eda Mu\u00f1oz por las gestiones realizadas ante las autoridades correspondientes, con esto se ver\u00e1n beneficiados 73 alumnos que desde que inici\u00f3 la obra hasta el d\u00eda de hoy, no hubo aportaci\u00f3n alguna\u201d.<\/p>\n<p>&nbsp;<\/p>\n<p>El encargado de la Oficina de Planeaci\u00f3n de la SEDUZAC, Dionisio Z\u00fa\u00f1iga Ram\u00edrez, fue el encargado de entregar las instalaciones del reci\u00e9n remodelado jard\u00edn de ni\u00f1os quien en su intervenci\u00f3n coment\u00f3 que \u201ces un gusto estar aqu\u00ed en Los Conde, desde que supimos de esta comunidad en especial el jard\u00edn de ni\u00f1os ser\u00eda beneficiado fue un total agrado, y que gracias al apoyo y al respaldo del alcalde Constantino Casta\u00f1eda Mu\u00f1oz, hemos realizado un trabajo en conjunto por el bien de la educaci\u00f3n y en especial trat\u00e1ndose de infraestructura\u201d.<\/p>\n<p>&nbsp;<\/p>\n<p>\u201cEl programa de Escuela Digna, hace lo posible por cristalizar las necesidades, hoy aqu\u00ed en Los Conde gozar\u00e1n de una obra de la mejor calidad, son los ni\u00f1os quienes van\u00a0 estar c\u00f3modos, sabemos que a\u00fan hay m\u00e1s necesidades en la escuela, pero que bueno que el gobierno volte\u00f3 a ver esta comunidad que est\u00e1 dentro de las marginadas, ya hemos visto que nuestras autoridades municipales hacen lo posible por sacarla del atraso tal es el caso que a principios de a\u00f1o se hizo la entrega del aula de usos m\u00faltiples de la escuela primaria equipada con computadoras, internet, y material did\u00e1ctico\u201d, expuso.<\/p>\n<p>&nbsp;<\/p>\n<p>\u201cAhora pues es cuando entra el trabajo de los padres de familia, hay que educar a nuestros hijos para juntos conservar esta obra que van a recibir, dentro de la rehabilitaci\u00f3n se hicieron banquetas, se aplic\u00f3 la impermeabilizaci\u00f3n, enyesado de muros, se supli\u00f3 toda la instalaci\u00f3n el\u00e9ctrica desde el cableado hasta la colocaci\u00f3n de l\u00e1mparas y postes con alumbrado, en los ba\u00f1os se hizo la construcci\u00f3n del espacio que alberga 4 retretes, 2 mingitorios, 3 lavabos, adem\u00e1s de la colocaci\u00f3n de pisos y azulejos, paneles de aluminio, la pintura interior y exterior\u201d inform\u00f3.<\/p>\n<p>&nbsp;<\/p>\n<p>Dio a conocer que \u201cse hizo la construcci\u00f3n del sanitario para los maestros, una cisterna de 5 mil litros con todas las adecuaciones y conexiones, adem\u00e1s de la nivelaci\u00f3n del terreno para ayudar a prevenir la erosi\u00f3n de la tierra, todo ello con la intenci\u00f3n de mejorar las condiciones educativas de los alumnos\u201d.<\/p>\n<p>&nbsp;<\/p>\n<p>Durante el evento estuvieron presentes el Oficial Mayor Manuel Mendoza Z\u00fa\u00f1iga como representante del presidente municipal Constantino Casta\u00f1eda Mu\u00f1oz, el delegado de la comunidad Rub\u00e9n Z\u00fa\u00f1iga Herrera, la Jefa del Sector Preescolar Diana del Muro Mart\u00ednez, Bertha Longoria encargada de Recursos Humanos, Mar\u00eda de los \u00c1ngeles Ortiz Ayala supervisora de la zona escolar, el comisariado ejidal Antonio Delgado, Rosa Isela Rivera Hern\u00e1ndez como representante de la mesa directiva de los padres de familia.<\/p>\n<p>&nbsp;<\/p>\n","protected":false},"excerpt":{"rendered":"<p>Dio a conocer que \u201cse hizo la construcci\u00f3n del sanitario para los maestros, una cisterna de 5 mil litros con todas las adecuaciones y conexiones, adem\u00e1s de la nivelaci\u00f3n del terreno para ayudar a prevenir la erosi\u00f3n de la tierra<\/p>\n","protected":false},"author":1,"featured_media":582,"comment_status":"closed","ping_status":"closed","sticky":false,"template":"","format":"standard","meta":{"_monsterinsights_skip_tracking":false,"_monsterinsights_sitenote_active":false,"_monsterinsights_sitenote_note":"","_monsterinsights_sitenote_category":0,"footnotes":""},"categories":[8],"tags":[12],"class_list":["post-581","post","type-post","status-publish","format-standard","has-post-thumbnail","hentry","category-gobierno-municipal-rio-grande-zacatecas","tag-comunicacion-social"],"jetpack_featured_media_url":"https:\/\/riograndezac.gob.mx\/informatica\/wp-content\/uploads\/2015\/06\/Los-Conde-2.jpg","_links":{"self":[{"href":"https:\/\/riograndezac.gob.mx\/informatica\/index.php?rest_route=\/wp\/v2\/posts\/581","targetHints":{"allow":["GET"]}}],"collection":[{"href":"https:\/\/riograndezac.gob.mx\/informatica\/index.php?rest_route=\/wp\/v2\/posts"}],"about":[{"href":"https:\/\/riograndezac.gob.mx\/informatica\/index.php?rest_route=\/wp\/v2\/types\/post"}],"author":[{"embeddable":true,"href":"https:\/\/riograndezac.gob.mx\/informatica\/index.php?rest_route=\/wp\/v2\/users\/1"}],"replies":[{"embeddable":true,"href":"https:\/\/riograndezac.gob.mx\/informatica\/index.php?rest_route=%2Fwp%2Fv2%2Fcomments&post=581"}],"version-history":[{"count":1,"href":"https:\/\/riograndezac.gob.mx\/informatica\/index.php?rest_route=\/wp\/v2\/posts\/581\/revisions"}],"predecessor-version":[{"id":583,"href":"https:\/\/riograndezac.gob.mx\/informatica\/index.php?rest_route=\/wp\/v2\/posts\/581\/revisions\/583"}],"wp:featuredmedia":[{"embeddable":true,"href":"https:\/\/riograndezac.gob.mx\/informatica\/index.php?rest_route=\/wp\/v2\/media\/582"}],"wp:attachment":[{"href":"https:\/\/riograndezac.gob.mx\/informatica\/index.php?rest_route=%2Fwp%2Fv2%2Fmedia&parent=581"}],"wp:term":[{"taxonomy":"category","embeddable":true,"href":"https:\/\/riograndezac.gob.mx\/informatica\/index.php?rest_route=%2Fwp%2Fv2%2Fcategories&post=581"},{"taxonomy":"post_tag","embeddable":true,"href":"https:\/\/riograndezac.gob.mx\/informatica\/index.php?rest_route=%2Fwp%2Fv2%2Ftags&post=581"}],"curies":[{"name":"wp","href":"https:\/\/api.w.org\/{rel}","templated":true}]}}