{"id":584,"date":"2015-06-30T14:33:28","date_gmt":"2015-06-30T14:33:28","guid":{"rendered":"http:\/\/riograndezac.gob.mx\/informatica\/?p=584"},"modified":"2015-06-30T14:33:28","modified_gmt":"2015-06-30T14:33:28","slug":"todo-un-exito-la-presentacion-musical-del-ensamble-de-camara-de-la-universidad-autonoma-de-zacatecas-durante-la-inauguracion-de-la-jornada-cultural-isidro-mendez-lira","status":"publish","type":"post","link":"https:\/\/riograndezac.gob.mx\/informatica\/?p=584","title":{"rendered":"Todo un \u00e9xito la presentaci\u00f3n musical del Ensamble de C\u00e1mara de la Universidad Aut\u00f3noma de Zacatecas durante la inauguraci\u00f3n de la Jornada Cultural \u201cIsidro M\u00e9ndez Lira\u201d"},"content":{"rendered":"<p><img loading=\"lazy\" decoding=\"async\" id=\"__wp-temp-img-id\" class=\" aligncenter\" title=\"\" src=\"https:\/\/riograndezac.gob.mx\/informatica\/wp-content\/uploads\/2015\/06\/Jornada-4.jpg\" alt=\"\" width=\"700\" height=\"466\" \/><\/p>\n<p>Todo un \u00e9xito la presentaci\u00f3n musical del Ensamble de C\u00e1mara de la Universidad Aut\u00f3noma de Zacatecas durante la inauguraci\u00f3n de la Jornada Cultural \u201cIsidro M\u00e9ndez Lira\u201d, organizada por el Gobierno Municipal de R\u00edo Grande encabezado por el primer mandatario Constantino Casta\u00f1eda Mu\u00f1oz.<\/p>\n<p>&nbsp;<\/p>\n<p>El secretario del Ayuntamiento, Felipe de Jes\u00fas Badillo Ram\u00edrez, en representaci\u00f3n del primer mandatario, inaugur\u00f3 la Jornada acompa\u00f1ado de la familia del homenajeado, as\u00ed como de la regidora de la comisi\u00f3n de cultura, Marcela Rivas Espino, del P\u00e1rroco del Se\u00f1or de la Santa Veracruz Miguel L\u00f3pez Escobedo y de la titular del Instituto Municipal de Cultura, Santa Sabina Esquivel Gonz\u00e1lez, quienes exhortaron a la poblaci\u00f3n para que asista a las distintas actividades a partir de este domingo y hasta 23 de agosto, que incluye una gama de eventos de distintas disciplinas.<\/p>\n<p>&nbsp;<\/p>\n<p>Durante esta noche de inauguraci\u00f3n, se present\u00f3 el Ensamble de C\u00e1mara de la Universidad Aut\u00f3noma de Zacatecas, a cargo de Javier Torres Mireles, con viol\u00edn, acompa\u00f1ado de Elvira Fern\u00e1ndez Torres tambi\u00e9n violinista y en el cello Claudia Estrada Lechuga, presentados en R\u00edo Grande, gracias al respaldo del Instituto Zacatecano de Cultura \u201cRam\u00f3n L\u00f3pez Velarde, en el templo parroquial del Se\u00f1or de la Santa Veracruz.<\/p>\n<p>&nbsp;<\/p>\n<p>Con interpretaciones de temas de Giuseppe Tartini, Johann Sebastian Bach, Pietro Antonio Locatelli y Giovanni Battista Vitali, se inund\u00f3 de notas musicales el majestuoso Templo del Se\u00f1or de la Santa Veracruz que cuenta con una excelente ac\u00fastica, para deleite de las y los asistentes, quienes al igual que el gobierno municipal, reconocieron el trabajo del hoy extinto Isidro M\u00e9ndez Lira, tanto como funcionario, artista, amigo y por supuesto su familia.<\/p>\n<p>&nbsp;<\/p>\n<p>Al finalizar el evento, se hizo la entrega de un reconocimiento al Ensamble, adem\u00e1s de exhortar a la poblaci\u00f3n para que el pr\u00f3ximo 9 de julio en punto de las 6 de la tarde, asista a poblaci\u00f3n a la proyecci\u00f3n de la pel\u00edcula hist\u00f3rica 1897-1924 Revoluci\u00f3n Mexicana- Zacatecas,\u00a0 en la casa de la cultura \u201cLu\u00eds Cerrillo C\u00e1zares\u201d, la cual ser\u00e1 comentada por distintos historiadores as\u00ed como al ciclo de cine infantil para el jueves 16 y 23 a partir de las 7 de la tarde, entre otras actividades.<\/p>\n","protected":false},"excerpt":{"rendered":"<p>El secretario del Ayuntamiento, Felipe de Jes\u00fas Badillo Ram\u00edrez, en representaci\u00f3n del primer mandatario, inaugur\u00f3 la Jornada acompa\u00f1ado de la familia del homenajeado<\/p>\n","protected":false},"author":1,"featured_media":585,"comment_status":"closed","ping_status":"closed","sticky":false,"template":"","format":"standard","meta":{"_monsterinsights_skip_tracking":false,"_monsterinsights_sitenote_active":false,"_monsterinsights_sitenote_note":"","_monsterinsights_sitenote_category":0,"footnotes":""},"categories":[7,5],"tags":[12,13],"class_list":["post-584","post","type-post","status-publish","format-standard","has-post-thumbnail","hentry","category-comunicacion-social","category-destacados","tag-comunicacion-social","tag-destacados"],"jetpack_featured_media_url":"https:\/\/riograndezac.gob.mx\/informatica\/wp-content\/uploads\/2015\/06\/Jornada-4.jpg","_links":{"self":[{"href":"https:\/\/riograndezac.gob.mx\/informatica\/index.php?rest_route=\/wp\/v2\/posts\/584","targetHints":{"allow":["GET"]}}],"collection":[{"href":"https:\/\/riograndezac.gob.mx\/informatica\/index.php?rest_route=\/wp\/v2\/posts"}],"about":[{"href":"https:\/\/riograndezac.gob.mx\/informatica\/index.php?rest_route=\/wp\/v2\/types\/post"}],"author":[{"embeddable":true,"href":"https:\/\/riograndezac.gob.mx\/informatica\/index.php?rest_route=\/wp\/v2\/users\/1"}],"replies":[{"embeddable":true,"href":"https:\/\/riograndezac.gob.mx\/informatica\/index.php?rest_route=%2Fwp%2Fv2%2Fcomments&post=584"}],"version-history":[{"count":1,"href":"https:\/\/riograndezac.gob.mx\/informatica\/index.php?rest_route=\/wp\/v2\/posts\/584\/revisions"}],"predecessor-version":[{"id":586,"href":"https:\/\/riograndezac.gob.mx\/informatica\/index.php?rest_route=\/wp\/v2\/posts\/584\/revisions\/586"}],"wp:featuredmedia":[{"embeddable":true,"href":"https:\/\/riograndezac.gob.mx\/informatica\/index.php?rest_route=\/wp\/v2\/media\/585"}],"wp:attachment":[{"href":"https:\/\/riograndezac.gob.mx\/informatica\/index.php?rest_route=%2Fwp%2Fv2%2Fmedia&parent=584"}],"wp:term":[{"taxonomy":"category","embeddable":true,"href":"https:\/\/riograndezac.gob.mx\/informatica\/index.php?rest_route=%2Fwp%2Fv2%2Fcategories&post=584"},{"taxonomy":"post_tag","embeddable":true,"href":"https:\/\/riograndezac.gob.mx\/informatica\/index.php?rest_route=%2Fwp%2Fv2%2Ftags&post=584"}],"curies":[{"name":"wp","href":"https:\/\/api.w.org\/{rel}","templated":true}]}}