{"id":590,"date":"2015-07-01T15:26:29","date_gmt":"2015-07-01T15:26:29","guid":{"rendered":"http:\/\/riograndezac.gob.mx\/informatica\/?p=590"},"modified":"2015-07-01T15:26:29","modified_gmt":"2015-07-01T15:26:29","slug":"hoy-miercoles-habra-jornada-de-esterilizacion-organizada-por-la-jurisdiccion-sanitaria-numero-4-de-los-servicios-de-salud-la-asociacion-civil-ayudemos-al-peregrino-y-el-gobierno-municipal","status":"publish","type":"post","link":"https:\/\/riograndezac.gob.mx\/informatica\/?p=590","title":{"rendered":"Hoy mi\u00e9rcoles habr\u00e1 jornada de\u00a0esterilizaci\u00f3n\u00a0organizada por la Jurisdicci\u00f3n Sanitaria n\u00famero 4 de los Servicios de Salud, la Asociaci\u00f3n Civil Ayudemos al Peregrino, y el Gobierno Municipal encabezado por Constantino Casta\u00f1eda Mu\u00f1oz."},"content":{"rendered":"<p><img loading=\"lazy\" decoding=\"async\" id=\"__wp-temp-img-id\" class=\" aligncenter\" title=\"\" src=\"https:\/\/riograndezac.gob.mx\/informatica\/wp-content\/uploads\/2015\/07\/Esterilizaciones.jpg\" alt=\"\" width=\"700\" height=\"525\" \/><\/p>\n<p>&nbsp;<\/p>\n<p>Mar\u00eda de Jes\u00fas Ram\u00edrez Luna, presidenta de la Asociaci\u00f3n, dijo que desde la semana que acaba de concluir se trabaj\u00f3 de manera intensa para invitar a la poblaci\u00f3n que tiene mascotas y las pueda esterilizar.<\/p>\n<p>&nbsp;<\/p>\n<p>Coment\u00f3 que \u201cen nuestra cultura, la esterilizaci\u00f3n posee connotaciones negativas de mutilaci\u00f3n y crueldad, ya que no debemos comparar sentimientos humanos a nuestras mascotas, pero en ning\u00fan momento pretendemos maltratar a los animales, sino al contrario, procuramos evitar la sobrepoblaci\u00f3n canina y felina\u201d, expuso.<\/p>\n<p>&nbsp;<\/p>\n<p>\u201cExisten muchos motivos para esterilizar a sus mascotas, \u00e9stos van desde la prevenci\u00f3n de enfermedades hasta la prevenci\u00f3n de una sobrepoblaci\u00f3n de animales, la esterilizaci\u00f3n de animales tiene beneficios en los que a lo mejor usted ni siquiera hab\u00eda pensado, uno de los m\u00e1s importantes es la disminuci\u00f3n de probabilidades de c\u00e1ncer, por eso es importante investigar y preguntar acerca de la esterilizaci\u00f3n porque es importante incluirla en nuestra cultura social\u201d, se\u00f1al\u00f3 Ram\u00edrez Luna.<\/p>\n<p>&nbsp;<\/p>\n<p>As\u00ed mismo coment\u00f3 que \u201cla esterilizaci\u00f3n de sus mascotas tambi\u00e9n puede disminuir problemas de agresi\u00f3n, aquellos que no est\u00e1n esterilizados tienen la tendencia a vagar al escapar de casa en b\u00fasqueda de una hembra, una vez que est\u00e1n en la calle, corren el riesgo de ser atropellados, causar accidentes vehiculares o pelearse con otros animales incluso agredir a una persona\u201d<\/p>\n<p>&nbsp;<\/p>\n<p>\u201cMuchas personas creen que si esterilizan a sus mascotas, \u00e9stas no se sentir\u00e1n realizados sin embargo, los animales no tienen ning\u00fan concepto de su identidad sexual, la esterilizaci\u00f3n de un macho no lo har\u00e1 menos macho; y que una hembra no tenga cr\u00eda tampoco la har\u00e1 sentir como si se hubiera perdido de algo, los animales no presentar\u00e1n cambios de personalidad ni tampoco reacciones emocionales a la cirug\u00eda, \u00e9stas son emociones humanas y no se presentan en los animales\u201d, refiri\u00f3.<\/p>\n<p>&nbsp;<\/p>\n<p>\u201cEs por ello que se han realizado estas campa\u00f1as cada primer mi\u00e9rcoles de cada mes, en las instalaciones del Sistema Municipal para el Desarrollo Integral para la Familia SMDIF, a partir de las 10 de la ma\u00f1ana, es importante traer la mascota aseada y por lo menos con 12 horas de ayuno, es totalmente gratuita la intervenci\u00f3n\u201d, finaliz\u00f3.<\/p>\n","protected":false},"excerpt":{"rendered":"<p>Es por ello que se han realizado estas campa\u00f1as cada primer mi\u00e9rcoles de cada mes, en las instalaciones del Sistema Municipal para el Desarrollo Integral para la Familia SMDIF, a partir de las 10 de la ma\u00f1ana<\/p>\n","protected":false},"author":1,"featured_media":591,"comment_status":"closed","ping_status":"closed","sticky":false,"template":"","format":"standard","meta":{"_monsterinsights_skip_tracking":false,"_monsterinsights_sitenote_active":false,"_monsterinsights_sitenote_note":"","_monsterinsights_sitenote_category":0,"footnotes":""},"categories":[5],"tags":[12],"class_list":["post-590","post","type-post","status-publish","format-standard","has-post-thumbnail","hentry","category-destacados","tag-comunicacion-social"],"jetpack_featured_media_url":"https:\/\/riograndezac.gob.mx\/informatica\/wp-content\/uploads\/2015\/07\/Esterilizaciones.jpg","_links":{"self":[{"href":"https:\/\/riograndezac.gob.mx\/informatica\/index.php?rest_route=\/wp\/v2\/posts\/590","targetHints":{"allow":["GET"]}}],"collection":[{"href":"https:\/\/riograndezac.gob.mx\/informatica\/index.php?rest_route=\/wp\/v2\/posts"}],"about":[{"href":"https:\/\/riograndezac.gob.mx\/informatica\/index.php?rest_route=\/wp\/v2\/types\/post"}],"author":[{"embeddable":true,"href":"https:\/\/riograndezac.gob.mx\/informatica\/index.php?rest_route=\/wp\/v2\/users\/1"}],"replies":[{"embeddable":true,"href":"https:\/\/riograndezac.gob.mx\/informatica\/index.php?rest_route=%2Fwp%2Fv2%2Fcomments&post=590"}],"version-history":[{"count":1,"href":"https:\/\/riograndezac.gob.mx\/informatica\/index.php?rest_route=\/wp\/v2\/posts\/590\/revisions"}],"predecessor-version":[{"id":592,"href":"https:\/\/riograndezac.gob.mx\/informatica\/index.php?rest_route=\/wp\/v2\/posts\/590\/revisions\/592"}],"wp:featuredmedia":[{"embeddable":true,"href":"https:\/\/riograndezac.gob.mx\/informatica\/index.php?rest_route=\/wp\/v2\/media\/591"}],"wp:attachment":[{"href":"https:\/\/riograndezac.gob.mx\/informatica\/index.php?rest_route=%2Fwp%2Fv2%2Fmedia&parent=590"}],"wp:term":[{"taxonomy":"category","embeddable":true,"href":"https:\/\/riograndezac.gob.mx\/informatica\/index.php?rest_route=%2Fwp%2Fv2%2Fcategories&post=590"},{"taxonomy":"post_tag","embeddable":true,"href":"https:\/\/riograndezac.gob.mx\/informatica\/index.php?rest_route=%2Fwp%2Fv2%2Ftags&post=590"}],"curies":[{"name":"wp","href":"https:\/\/api.w.org\/{rel}","templated":true}]}}