{"id":5926,"date":"2018-02-26T12:56:41","date_gmt":"2018-02-26T18:56:41","guid":{"rendered":"http:\/\/riograndezac.gob.mx\/informatica\/?p=5926"},"modified":"2018-02-28T12:59:51","modified_gmt":"2018-02-28T18:59:51","slug":"develan-placa-conmemorativa-de-los-50-anos-del-nombramiento-de-rio-grande-como-ciudad","status":"publish","type":"post","link":"https:\/\/riograndezac.gob.mx\/informatica\/?p=5926","title":{"rendered":"Develan placa conmemorativa de los 50 a\u00f1os del nombramiento de Rio Grande como Ciudad"},"content":{"rendered":"<p>&nbsp;<\/p>\n<p>Dentro del marco del festejo del cincuentenario del nombramiento de Rio Grande como ciudad, se develo la placa conmemorativa a la celebraci\u00f3n adem\u00e1s de que se reubico la placa alusiva que el 24 de febrero de 1968 fuera otorgada y develada por el entonces gobernador del estado Jose Rodriguez Elias.<\/p>\n<p>El festejo del cincuentenario se realiz\u00f3 en torno al decreto 427 que eleva la calidad de poblado al de ciudad a la cabecera municipal de Rio Grande y que a la letra dice \u201cDecreto 427 El H. Congreso Libre y Soberano de Zacatecas, considerando que Rio Grande a alcanzado el grado de progreso que la hace salir de categor\u00eda del pueblo, dada sus condiciones de servicios p\u00fablicos, n\u00famero de habitantes y caracter\u00edsticas de la misma es justo que de ahora en adelante tenga la categor\u00eda de ciudad, por lo anteriormente se decreta, Articulo Primero: En adelante al poblado de Rio Grande se le denominara Ciudad de Rio Grande, el presente decreto entrara en vigor al d\u00eda siguiente de su publicaci\u00f3n en el peri\u00f3dico oficial del gobierno del estado; ciudad Rio Grande Zacatecas a 24 de Febrero de 1968, Profr. Ma Isabel Saucedo Riva y Dip. Jesus Y\u00e1\u00f1ez Castro\u201d.<\/p>\n<p>La nueva ubicaci\u00f3n de las placas alusivas ser\u00e1 en el frente del palacio municipal, por el lado de la calle constituci\u00f3n, en donde, con la intenci\u00f3n de establecer la mejor ubicaci\u00f3n para que la poblaci\u00f3n aprecie estos monumentos, se escogi\u00f3 el jard\u00edn de la presidencia.<\/p>\n","protected":false},"excerpt":{"rendered":"<p>Dentro del marco del festejo del cincuentenario del nombramiento de Rio Grande como ciudad, se develo la placa conmemorativa a la celebraci\u00f3n adem\u00e1s de que se reubico la placa alusiva que el 24 de febrero de 1968 fuera otorgada y develada por el entonces gobernador del estado Jose Rodriguez Elias.<\/p>\n","protected":false},"author":1,"featured_media":5927,"comment_status":"closed","ping_status":"closed","sticky":false,"template":"","format":"standard","meta":{"_monsterinsights_skip_tracking":false,"_monsterinsights_sitenote_active":false,"_monsterinsights_sitenote_note":"","_monsterinsights_sitenote_category":0,"footnotes":""},"categories":[5],"tags":[12,18],"class_list":["post-5926","post","type-post","status-publish","format-standard","has-post-thumbnail","hentry","category-destacados","tag-comunicacion-social","tag-gobierno-municipal-rio-grande"],"jetpack_featured_media_url":"https:\/\/riograndezac.gob.mx\/informatica\/wp-content\/uploads\/2018\/02\/placa.jpg","_links":{"self":[{"href":"https:\/\/riograndezac.gob.mx\/informatica\/index.php?rest_route=\/wp\/v2\/posts\/5926","targetHints":{"allow":["GET"]}}],"collection":[{"href":"https:\/\/riograndezac.gob.mx\/informatica\/index.php?rest_route=\/wp\/v2\/posts"}],"about":[{"href":"https:\/\/riograndezac.gob.mx\/informatica\/index.php?rest_route=\/wp\/v2\/types\/post"}],"author":[{"embeddable":true,"href":"https:\/\/riograndezac.gob.mx\/informatica\/index.php?rest_route=\/wp\/v2\/users\/1"}],"replies":[{"embeddable":true,"href":"https:\/\/riograndezac.gob.mx\/informatica\/index.php?rest_route=%2Fwp%2Fv2%2Fcomments&post=5926"}],"version-history":[{"count":1,"href":"https:\/\/riograndezac.gob.mx\/informatica\/index.php?rest_route=\/wp\/v2\/posts\/5926\/revisions"}],"predecessor-version":[{"id":5928,"href":"https:\/\/riograndezac.gob.mx\/informatica\/index.php?rest_route=\/wp\/v2\/posts\/5926\/revisions\/5928"}],"wp:featuredmedia":[{"embeddable":true,"href":"https:\/\/riograndezac.gob.mx\/informatica\/index.php?rest_route=\/wp\/v2\/media\/5927"}],"wp:attachment":[{"href":"https:\/\/riograndezac.gob.mx\/informatica\/index.php?rest_route=%2Fwp%2Fv2%2Fmedia&parent=5926"}],"wp:term":[{"taxonomy":"category","embeddable":true,"href":"https:\/\/riograndezac.gob.mx\/informatica\/index.php?rest_route=%2Fwp%2Fv2%2Fcategories&post=5926"},{"taxonomy":"post_tag","embeddable":true,"href":"https:\/\/riograndezac.gob.mx\/informatica\/index.php?rest_route=%2Fwp%2Fv2%2Ftags&post=5926"}],"curies":[{"name":"wp","href":"https:\/\/api.w.org\/{rel}","templated":true}]}}