{"id":5929,"date":"2018-02-27T13:00:47","date_gmt":"2018-02-27T19:00:47","guid":{"rendered":"http:\/\/riograndezac.gob.mx\/informatica\/?p=5929"},"modified":"2018-02-28T13:01:55","modified_gmt":"2018-02-28T19:01:55","slug":"imparte-la-seduvot-capacitacion-en-ordenamiento-territorial-y-urbano","status":"publish","type":"post","link":"https:\/\/riograndezac.gob.mx\/informatica\/?p=5929","title":{"rendered":"Imparte la SEDUVOT capacitaci\u00f3n en Ordenamiento Territorial y Urbano"},"content":{"rendered":"<p>&nbsp;<\/p>\n<p>Con la presencia de Julio Ram\u00edrez L\u00f3pez, Presidente Municipal de Rio Grande y Armando Garc\u00eda Ortiz, Presidente Municipal de Miguel Auza, se llevo a cabo la reuni\u00f3n de capacitaci\u00f3n en el contexto de ordenamiento territorial y urbano.<\/p>\n<p>Esta capacitaci\u00f3n fue impartida por personal de la SEDUVOT encabezados por la Arq. Ma. Guadalupe G\u00f3mez Marchan, subsecretaria de Desarrollo Urbano, Vivienda y Ordenamiento Territorial; de igual forma la acompa\u00f1aron con sus exposiciones los Ing. Arturo Barrientos, Eduardo Gonz\u00e1lez Garc\u00eda, Pantale\u00f3n Garc\u00eda Adame, Silvia Garc\u00eda Adame y Benjam\u00edn Medell\u00edn Sifuentes, quienes en su momento compartieron sus conocimientos con los asistentes a la capacitaci\u00f3n, quienes principalmente fueron arquitectos y funcionarios involucrados en la construcci\u00f3n de obras municipales y de \u00e1reas de vivienda \u00a0urbana.<\/p>\n<p>Al momento de hacer uso de la palabra, el alcalde de Rio Grande y dar la bienvenida a los asistentes, reconoci\u00f3 la importancia de esta capacitaci\u00f3n y la colaboraci\u00f3n del gobierno del estado con los municipios al compartir la informaci\u00f3n del \u00e1mbito estatal y bajarla al municipal, de forma particular, y esto tiene un gran valor, ya que ayuda para que se cumplan los reglamentos de construcci\u00f3n en el estado\u201d, finaliz\u00f3.<\/p>\n","protected":false},"excerpt":{"rendered":"<p>Con la presencia de Julio Ram\u00edrez L\u00f3pez, Presidente Municipal de Rio Grande y Armando Garc\u00eda Ortiz, Presidente Municipal de Miguel Auza, se llevo a cabo la reuni\u00f3n de capacitaci\u00f3n en el contexto de ordenamiento territorial y urbano.<\/p>\n","protected":false},"author":1,"featured_media":5930,"comment_status":"closed","ping_status":"closed","sticky":false,"template":"","format":"standard","meta":{"_monsterinsights_skip_tracking":false,"_monsterinsights_sitenote_active":false,"_monsterinsights_sitenote_note":"","_monsterinsights_sitenote_category":0,"footnotes":""},"categories":[5],"tags":[12,18],"class_list":["post-5929","post","type-post","status-publish","format-standard","has-post-thumbnail","hentry","category-destacados","tag-comunicacion-social","tag-gobierno-municipal-rio-grande"],"jetpack_featured_media_url":"https:\/\/riograndezac.gob.mx\/informatica\/wp-content\/uploads\/2018\/02\/IMG_20180227_111052507_HDR.jpg","_links":{"self":[{"href":"https:\/\/riograndezac.gob.mx\/informatica\/index.php?rest_route=\/wp\/v2\/posts\/5929","targetHints":{"allow":["GET"]}}],"collection":[{"href":"https:\/\/riograndezac.gob.mx\/informatica\/index.php?rest_route=\/wp\/v2\/posts"}],"about":[{"href":"https:\/\/riograndezac.gob.mx\/informatica\/index.php?rest_route=\/wp\/v2\/types\/post"}],"author":[{"embeddable":true,"href":"https:\/\/riograndezac.gob.mx\/informatica\/index.php?rest_route=\/wp\/v2\/users\/1"}],"replies":[{"embeddable":true,"href":"https:\/\/riograndezac.gob.mx\/informatica\/index.php?rest_route=%2Fwp%2Fv2%2Fcomments&post=5929"}],"version-history":[{"count":1,"href":"https:\/\/riograndezac.gob.mx\/informatica\/index.php?rest_route=\/wp\/v2\/posts\/5929\/revisions"}],"predecessor-version":[{"id":5931,"href":"https:\/\/riograndezac.gob.mx\/informatica\/index.php?rest_route=\/wp\/v2\/posts\/5929\/revisions\/5931"}],"wp:featuredmedia":[{"embeddable":true,"href":"https:\/\/riograndezac.gob.mx\/informatica\/index.php?rest_route=\/wp\/v2\/media\/5930"}],"wp:attachment":[{"href":"https:\/\/riograndezac.gob.mx\/informatica\/index.php?rest_route=%2Fwp%2Fv2%2Fmedia&parent=5929"}],"wp:term":[{"taxonomy":"category","embeddable":true,"href":"https:\/\/riograndezac.gob.mx\/informatica\/index.php?rest_route=%2Fwp%2Fv2%2Fcategories&post=5929"},{"taxonomy":"post_tag","embeddable":true,"href":"https:\/\/riograndezac.gob.mx\/informatica\/index.php?rest_route=%2Fwp%2Fv2%2Ftags&post=5929"}],"curies":[{"name":"wp","href":"https:\/\/api.w.org\/{rel}","templated":true}]}}