{"id":596,"date":"2015-07-01T15:44:49","date_gmt":"2015-07-01T15:44:49","guid":{"rendered":"http:\/\/riograndezac.gob.mx\/informatica\/?p=596"},"modified":"2015-07-01T15:44:49","modified_gmt":"2015-07-01T15:44:49","slug":"autorizo-el-gobierno-municipal-de-rio-grande-encabezado-por-constantino-castaneda-munoz-la-organizacion-de-la-miniferia-de-santa-elena-de-la-cruz-a-la-asociacion-civil-casa-hogar-santa-elena","status":"publish","type":"post","link":"https:\/\/riograndezac.gob.mx\/informatica\/?p=596","title":{"rendered":"Autoriz\u00f3 el gobierno municipal de R\u00edo Grande encabezado por Constantino Casta\u00f1eda Mu\u00f1oz, la organizaci\u00f3n de la miniferia de Santa Elena de la Cruz, a la Asociaci\u00f3n Civil Casa Hogar Santa Elena."},"content":{"rendered":"<p>&nbsp;<\/p>\n<p><img loading=\"lazy\" decoding=\"async\" id=\"__wp-temp-img-id\" class=\" aligncenter\" title=\"\" src=\"https:\/\/riograndezac.gob.mx\/informatica\/wp-content\/uploads\/2015\/07\/Cabildo-4.jpg\" alt=\"\" width=\"700\" height=\"466\" \/><\/p>\n<p>&nbsp;<\/p>\n<p>&nbsp;<\/p>\n<p>Despu\u00e9s de que llegara al Cabildo a trav\u00e9s de la correspondencia a la Secretar\u00eda de Gobierno Municipal, a cargo de Felipe de Jes\u00fas Badillo Ram\u00edrez, se vot\u00f3 por unanimidad a favor a la solicitud hecha por la asociaci\u00f3n.<\/p>\n<p>&nbsp;<\/p>\n<p>Como antecedente, el edil Pedro Muro Z\u00fa\u00f1iga, manifest\u00f3 que desde hace algunos a\u00f1os aproximadamente, la asociaci\u00f3n viene realizando la miniferia, puesto que la actividad forma parte de las actividades que organizan para darle seguimiento a la operaci\u00f3n desde hace 2 a\u00f1os y actualmente atiende a 20 adultos mayores con el respaldo del gobierno municipal.<\/p>\n<p>&nbsp;<\/p>\n<p>En esta ocasi\u00f3n, lo obtenido, se continuar\u00e1 aplicando directamente en los gastos de operaci\u00f3n, pues afortunadamente, sigue creciendo en el servicio que brinda a las y los adultos mayores con la atenci\u00f3n necesaria.<\/p>\n<p>&nbsp;<\/p>\n<p>Se se\u00f1al\u00f3 que la solicitud fue presentada con la firma del secretario general del Consejo Directivo, Jes\u00fas Zapata Esquivel, en representaci\u00f3n del Obispo Auxiliar de Durango, Monse\u00f1or Enrique S\u00e1nchez Mart\u00ednez.<\/p>\n<p>&nbsp;<\/p>\n<p>El pleno del Cabildo aprob\u00f3 que en esta sesi\u00f3n se otorgara a la Asociaci\u00f3n la concesi\u00f3n de la miniferia, se lleva a cabo en el mes de agosto, debido a que el 18, se festeja a Santa Elena de la Cruz.<\/p>\n<p>&nbsp;<\/p>\n<p>Por parte de Casta\u00f1eda Mu\u00f1oz, agreg\u00f3 que el autorizar a la Casa Hogar para que organice la fiesta de agosto, es refrendar el compromiso del Gobierno Municipal, de apoyar este trascendente proyecto, tal y como se ha venido haciendo, con el objetivo de que se siga respaldando el servicio que se otorga a las personas de la tercera edad, lo cual es de gran impacto social en el municipio.<\/p>\n<p>&nbsp;<\/p>\n<p>A\u00f1adi\u00f3 que cada a\u00f1o, el Consejo Directivo de la Casa Hogar, al concluir la miniferia, rinden el informe respectivo al Cabildo, lo cual habla de la formalidad con la que la asociaci\u00f3n se viene conduciendo.<\/p>\n","protected":false},"excerpt":{"rendered":"<p>Por parte de Casta\u00f1eda Mu\u00f1oz, agreg\u00f3 que el autorizar a la Casa Hogar para que organice la fiesta de agosto, es refrendar el compromiso del Gobierno Municipal, de apoyar este trascendente proyecto<\/p>\n","protected":false},"author":1,"featured_media":597,"comment_status":"closed","ping_status":"closed","sticky":false,"template":"","format":"standard","meta":{"_monsterinsights_skip_tracking":false,"_monsterinsights_sitenote_active":false,"_monsterinsights_sitenote_note":"","_monsterinsights_sitenote_category":0,"footnotes":""},"categories":[8],"tags":[12,18],"class_list":["post-596","post","type-post","status-publish","format-standard","has-post-thumbnail","hentry","category-gobierno-municipal-rio-grande-zacatecas","tag-comunicacion-social","tag-gobierno-municipal-rio-grande"],"jetpack_featured_media_url":"https:\/\/riograndezac.gob.mx\/informatica\/wp-content\/uploads\/2015\/07\/Cabildo-4.jpg","_links":{"self":[{"href":"https:\/\/riograndezac.gob.mx\/informatica\/index.php?rest_route=\/wp\/v2\/posts\/596","targetHints":{"allow":["GET"]}}],"collection":[{"href":"https:\/\/riograndezac.gob.mx\/informatica\/index.php?rest_route=\/wp\/v2\/posts"}],"about":[{"href":"https:\/\/riograndezac.gob.mx\/informatica\/index.php?rest_route=\/wp\/v2\/types\/post"}],"author":[{"embeddable":true,"href":"https:\/\/riograndezac.gob.mx\/informatica\/index.php?rest_route=\/wp\/v2\/users\/1"}],"replies":[{"embeddable":true,"href":"https:\/\/riograndezac.gob.mx\/informatica\/index.php?rest_route=%2Fwp%2Fv2%2Fcomments&post=596"}],"version-history":[{"count":1,"href":"https:\/\/riograndezac.gob.mx\/informatica\/index.php?rest_route=\/wp\/v2\/posts\/596\/revisions"}],"predecessor-version":[{"id":598,"href":"https:\/\/riograndezac.gob.mx\/informatica\/index.php?rest_route=\/wp\/v2\/posts\/596\/revisions\/598"}],"wp:featuredmedia":[{"embeddable":true,"href":"https:\/\/riograndezac.gob.mx\/informatica\/index.php?rest_route=\/wp\/v2\/media\/597"}],"wp:attachment":[{"href":"https:\/\/riograndezac.gob.mx\/informatica\/index.php?rest_route=%2Fwp%2Fv2%2Fmedia&parent=596"}],"wp:term":[{"taxonomy":"category","embeddable":true,"href":"https:\/\/riograndezac.gob.mx\/informatica\/index.php?rest_route=%2Fwp%2Fv2%2Fcategories&post=596"},{"taxonomy":"post_tag","embeddable":true,"href":"https:\/\/riograndezac.gob.mx\/informatica\/index.php?rest_route=%2Fwp%2Fv2%2Ftags&post=596"}],"curies":[{"name":"wp","href":"https:\/\/api.w.org\/{rel}","templated":true}]}}