{"id":608,"date":"2015-07-02T17:13:16","date_gmt":"2015-07-02T17:13:16","guid":{"rendered":"http:\/\/riograndezac.gob.mx\/informatica\/?p=608"},"modified":"2015-07-02T17:13:16","modified_gmt":"2015-07-02T17:13:16","slug":"casa-del-estudiante-de-rio-grande","status":"publish","type":"post","link":"https:\/\/riograndezac.gob.mx\/informatica\/?p=608","title":{"rendered":"Casa del estudiante de R\u00edo Grande"},"content":{"rendered":"<p><img loading=\"lazy\" decoding=\"async\" id=\"__wp-temp-img-id\" class=\" aligncenter\" title=\"\" src=\"https:\/\/riograndezac.gob.mx\/informatica\/wp-content\/uploads\/2015\/07\/Presidente-casa-del-estudiante.png\" alt=\"\" width=\"378\" height=\"404\" \/><\/p>\n<p>El gobierno municipal encabezado por Constantino Casta\u00f1eda Mu\u00f1oz a trav\u00e9s\u00a0 del Instituto Municipal de la Juventud de R\u00edo Grande (IMJUVE) a cargo de Francisco Alberto S\u00e1nchez Z\u00fa\u00f1iga, dieron a conocer la convocatoria para aquellos varones estudiantes que deseen ser beneficiario de la beca de hospedaje en \u201cla casa del estudiante de R\u00edo Grande\u201d ubicada en la capital del estado para este pr\u00f3ximo ciclo escolar.<\/p>\n<p>&nbsp;<\/p>\n<p>El alcalde Constantino Casta\u00f1eda Mu\u00f1oz dijo que \u201cesta labor inici\u00f3 con el objetivo de apoyar e impulsar los sue\u00f1os que tienen los estudiantes que terminaron el nivel medio superior, con la finalidad de contribuir al bolsillo de las familias al apoyar a los j\u00f3venes que tienen el deseo de superarse al continuar con sus estudios al ingresar a una carrera profesional, sabemos que la situaci\u00f3n no es la mejor pero para eso estamos aqu\u00ed, queremos brindar el mejor apoyo a los j\u00f3venes estudiantes\u201d.<\/p>\n<p>&nbsp;<\/p>\n<p>\u201cLa convocatoria va dirigida naturalmente a los j\u00f3venes\u00a0 varones riograndenses de escasos recursos que estudien o que est\u00e9n a punto de iniciar su preparaci\u00f3n a nivel medio superior o superior, esto se ha de sustentar previamente con un estudio socioecon\u00f3mico y del rendimiento acad\u00e9mico del solicitante que, preferentemente se le dar\u00e1 prioridad a estudiantes cuyos ingresos familiares sean menores a cuatro salarios m\u00ednimos vigentes al momento de la presente convocatoria\u201d, inform\u00f3.<\/p>\n<p>&nbsp;<\/p>\n<p>\u201cEl interesado deber\u00e1 hacer una solicitud dirigida al presidente municipal, presentar la documentaci\u00f3n que avale que es un alumno regular acompa\u00f1ado del kardex del semestre inmediato anterior con promedio m\u00ednimo o superior a 8.0, deber\u00e1 presentar el comprobante de inscripci\u00f3n al ciclo escolar que est\u00e1 por iniciar, una carta compromiso del interesado y una m\u00e1s por parte del padre o tutor que se les proporcionara en las oficinas del IMJUVE, 2 fotograf\u00edas tama\u00f1o infantil, un comprobante de domicilio de no m\u00e1s de 3 meses\u201d, inform\u00f3.<\/p>\n<p>&nbsp;<\/p>\n<p>\u201cYa pueden presentar la documentaci\u00f3n en las oficinas del IMJUVE, pues el \u00faltimo d\u00eda para recibir es el pr\u00f3ximo 17 de julio, es importante que se acerquen, ya que quienes presenten la documentaci\u00f3n despu\u00e9s de la fecha se\u00f1alada quedaran excluidos y la oportunidad de la beca ser\u00e1 asignada a otro aspirante y solo hay espacio para 50 estudiantes, aqu\u00ed cabe destacar que la beca tiene una vigencia de este pr\u00f3ximo mes de agosto a diciembre, lo que quiere decir que si el beneficiario cumple con la documentaci\u00f3n y respeta las reglas establecidas podr\u00e1 renovar su estancia\u201d, finaliz\u00f3.<\/p>\n","protected":false},"excerpt":{"rendered":"<p>La convocatoria va dirigida naturalmente a los j\u00f3venes  varones riograndenses de escasos recursos que estudien o que est\u00e9n a punto de iniciar su preparaci\u00f3n a nivel medio superior o superior<\/p>\n","protected":false},"author":1,"featured_media":609,"comment_status":"closed","ping_status":"closed","sticky":false,"template":"","format":"standard","meta":{"_monsterinsights_skip_tracking":false,"_monsterinsights_sitenote_active":false,"_monsterinsights_sitenote_note":"","_monsterinsights_sitenote_category":0,"footnotes":""},"categories":[5],"tags":[12,13],"class_list":["post-608","post","type-post","status-publish","format-standard","has-post-thumbnail","hentry","category-destacados","tag-comunicacion-social","tag-destacados"],"jetpack_featured_media_url":"https:\/\/riograndezac.gob.mx\/informatica\/wp-content\/uploads\/2015\/07\/Presidente-casa-del-estudiante.png","_links":{"self":[{"href":"https:\/\/riograndezac.gob.mx\/informatica\/index.php?rest_route=\/wp\/v2\/posts\/608","targetHints":{"allow":["GET"]}}],"collection":[{"href":"https:\/\/riograndezac.gob.mx\/informatica\/index.php?rest_route=\/wp\/v2\/posts"}],"about":[{"href":"https:\/\/riograndezac.gob.mx\/informatica\/index.php?rest_route=\/wp\/v2\/types\/post"}],"author":[{"embeddable":true,"href":"https:\/\/riograndezac.gob.mx\/informatica\/index.php?rest_route=\/wp\/v2\/users\/1"}],"replies":[{"embeddable":true,"href":"https:\/\/riograndezac.gob.mx\/informatica\/index.php?rest_route=%2Fwp%2Fv2%2Fcomments&post=608"}],"version-history":[{"count":1,"href":"https:\/\/riograndezac.gob.mx\/informatica\/index.php?rest_route=\/wp\/v2\/posts\/608\/revisions"}],"predecessor-version":[{"id":610,"href":"https:\/\/riograndezac.gob.mx\/informatica\/index.php?rest_route=\/wp\/v2\/posts\/608\/revisions\/610"}],"wp:featuredmedia":[{"embeddable":true,"href":"https:\/\/riograndezac.gob.mx\/informatica\/index.php?rest_route=\/wp\/v2\/media\/609"}],"wp:attachment":[{"href":"https:\/\/riograndezac.gob.mx\/informatica\/index.php?rest_route=%2Fwp%2Fv2%2Fmedia&parent=608"}],"wp:term":[{"taxonomy":"category","embeddable":true,"href":"https:\/\/riograndezac.gob.mx\/informatica\/index.php?rest_route=%2Fwp%2Fv2%2Fcategories&post=608"},{"taxonomy":"post_tag","embeddable":true,"href":"https:\/\/riograndezac.gob.mx\/informatica\/index.php?rest_route=%2Fwp%2Fv2%2Ftags&post=608"}],"curies":[{"name":"wp","href":"https:\/\/api.w.org\/{rel}","templated":true}]}}