{"id":618,"date":"2015-07-03T16:01:58","date_gmt":"2015-07-03T16:01:58","guid":{"rendered":"http:\/\/riograndezac.gob.mx\/informatica\/?p=618"},"modified":"2015-07-03T16:02:32","modified_gmt":"2015-07-03T16:02:32","slug":"el-programa-de-fondo-de-apoyo-a-migrantes-informaron-a-la-ciudadania-que-estara-abierta-una-ventanilla-desde-el-pasado-1-al-17-de-julio-para-integrar-expedientes-de-migrantes-deportados","status":"publish","type":"post","link":"https:\/\/riograndezac.gob.mx\/informatica\/?p=618","title":{"rendered":"El Programa de Fondo de Apoyo a Migrantes informaron a la ciudadan\u00eda que estar\u00e1 abierta una ventanilla desde el pasado 1 al 17 de julio para integrar expedientes de migrantes deportados."},"content":{"rendered":"<p><img loading=\"lazy\" decoding=\"async\" id=\"__wp-temp-img-id\" class=\" aligncenter\" title=\"\" src=\"https:\/\/riograndezac.gob.mx\/informatica\/wp-content\/uploads\/2015\/07\/Migrante.png\" alt=\"\" width=\"700\" height=\"398\" \/><\/p>\n<p>El Gobierno municipal encabezado por Constantino Casta\u00f1eda Mu\u00f1oz a trav\u00e9s del Instituto de Atenci\u00f3n al Migrante y en coordinaci\u00f3n con el Instituto Estatal de Migraci\u00f3n como \u00f3rgano ejecutor del Programa de Fondo de Apoyo a Migrantes informaron a la ciudadan\u00eda que est\u00e1 abierta una ventanilla desde el pasado 1 al 17 de julio para integrar expedientes de migrantes deportados.<\/p>\n<p>&nbsp;<\/p>\n<p>Manuel P\u00e9rez Perales, titular del Instituto, \u201cla recepci\u00f3n de solicitudes comenz\u00f3 a partir de este primero de julio y el \u00faltimo d\u00eda ser\u00e1 el pr\u00f3ximo 17, en la oficina del Instituto de Atenci\u00f3n al Migrante, en esta presidencia municipal, de aqu\u00ed ser\u00e1n enviados al Instituto Estatal de migraci\u00f3n\u00a0 quienes continuaran con la revisi\u00f3n y posterior validaci\u00f3n de los documentos por la Secretar\u00eda de Finanzas\u201d.<\/p>\n<p>&nbsp;<\/p>\n<p>Inform\u00f3 el funcionario que \u201cesto quiere decir que por parte del Gobierno Federal se busca que la persona que ha sido deportada de inmediato se incorpore a la vida laboral, mediante alg\u00fan proyecto productivo o alguna otra inquietud que sea de beneficio y que genere ingresos a la familia, en este caso el apoyo ser\u00e1 de 15 mil pesos por parte de la federaci\u00f3n y 3 mil pesos que deber\u00e1 aportar el beneficiario, de esta forma ayudamos a que se adquiera el compromiso y la responsabilidad de hacer bueno uso del recurso\u201d.<\/p>\n<p>&nbsp;<\/p>\n<p>Los requisitos son \u201cpresentar solicitud, CURP, identificaci\u00f3n oficial, documento del 2014-2015 que acredite que es migrante en retorno puede ser la matricula consular, carta de repatriaci\u00f3n o alg\u00fan documento que se\u00f1ale haber laborado en E.U., una carta de experiencia laboral, numero de afiliaci\u00f3n al seguro popular o alg\u00fan otro programa de combate a la pobreza y el formato del proyecto productivo todo en original y copia\u00a0 son los requisitos para el migrante en retorno\u201d.<\/p>\n<p>&nbsp;<\/p>\n<p>As\u00ed mismo, dijo que \u201cen cuanto a quienes reciben remesas la documentaci\u00f3n a presentar ser\u00e1 solicitud, CURP, identificaci\u00f3n oficial, numero de afiliaci\u00f3n al seguro popular o alg\u00fan otro programa de combate a la pobreza, recibo de cobro de remesas \u00fanicamente de 2014 a 2015 de preferencia los \u00faltimos tres, documentos que acrediten el parentesco y el formato del proyecto productivo\u201d.<\/p>\n<p>&nbsp;<\/p>\n<p>P\u00e9rez Perales, enfatiz\u00f3 que \u201caqu\u00ed en R\u00edo Grande, se recibir\u00e1 la documentaci\u00f3n de personas que han sido deportadas\u00a0 y as\u00ed poder integrar los expedientes para el Fondo de Apoyo a Migrantes, as\u00ed que a los migrantes en retorno y a las familias que reciben remesas de los Estados Unidos pueden presentar su solicitud de alg\u00fan proyecto productivo para ser beneficiario de este fondo, siempre y cuando cumpla con los requisitos establecidos\u201d.<\/p>\n","protected":false},"excerpt":{"rendered":"<p>P\u00e9rez Perales, enfatiz\u00f3 que \u201caqu\u00ed en R\u00edo Grande, se recibir\u00e1 la documentaci\u00f3n de personas que han sido deportadas  y as\u00ed poder integrar los expedientes para el Fondo de Apoyo a Migrantes<\/p>\n","protected":false},"author":1,"featured_media":619,"comment_status":"closed","ping_status":"closed","sticky":false,"template":"","format":"standard","meta":{"_monsterinsights_skip_tracking":false,"_monsterinsights_sitenote_active":false,"_monsterinsights_sitenote_note":"","_monsterinsights_sitenote_category":0,"footnotes":""},"categories":[4],"tags":[12],"class_list":["post-618","post","type-post","status-publish","format-standard","has-post-thumbnail","hentry","category-boletines","tag-comunicacion-social"],"jetpack_featured_media_url":"https:\/\/riograndezac.gob.mx\/informatica\/wp-content\/uploads\/2015\/07\/Migrante.png","_links":{"self":[{"href":"https:\/\/riograndezac.gob.mx\/informatica\/index.php?rest_route=\/wp\/v2\/posts\/618","targetHints":{"allow":["GET"]}}],"collection":[{"href":"https:\/\/riograndezac.gob.mx\/informatica\/index.php?rest_route=\/wp\/v2\/posts"}],"about":[{"href":"https:\/\/riograndezac.gob.mx\/informatica\/index.php?rest_route=\/wp\/v2\/types\/post"}],"author":[{"embeddable":true,"href":"https:\/\/riograndezac.gob.mx\/informatica\/index.php?rest_route=\/wp\/v2\/users\/1"}],"replies":[{"embeddable":true,"href":"https:\/\/riograndezac.gob.mx\/informatica\/index.php?rest_route=%2Fwp%2Fv2%2Fcomments&post=618"}],"version-history":[{"count":2,"href":"https:\/\/riograndezac.gob.mx\/informatica\/index.php?rest_route=\/wp\/v2\/posts\/618\/revisions"}],"predecessor-version":[{"id":621,"href":"https:\/\/riograndezac.gob.mx\/informatica\/index.php?rest_route=\/wp\/v2\/posts\/618\/revisions\/621"}],"wp:featuredmedia":[{"embeddable":true,"href":"https:\/\/riograndezac.gob.mx\/informatica\/index.php?rest_route=\/wp\/v2\/media\/619"}],"wp:attachment":[{"href":"https:\/\/riograndezac.gob.mx\/informatica\/index.php?rest_route=%2Fwp%2Fv2%2Fmedia&parent=618"}],"wp:term":[{"taxonomy":"category","embeddable":true,"href":"https:\/\/riograndezac.gob.mx\/informatica\/index.php?rest_route=%2Fwp%2Fv2%2Fcategories&post=618"},{"taxonomy":"post_tag","embeddable":true,"href":"https:\/\/riograndezac.gob.mx\/informatica\/index.php?rest_route=%2Fwp%2Fv2%2Ftags&post=618"}],"curies":[{"name":"wp","href":"https:\/\/api.w.org\/{rel}","templated":true}]}}