{"id":653,"date":"2015-07-06T15:54:08","date_gmt":"2015-07-06T15:54:08","guid":{"rendered":"http:\/\/riograndezac.gob.mx\/informatica\/?p=653"},"modified":"2015-07-06T15:54:08","modified_gmt":"2015-07-06T15:54:08","slug":"como-cada-ultimo-viernes-de-mes-el-grupo-pro-cultura-llevo-a-cabo-su-evento-en-donde-entrego-un-reconocimiento-a-la-pastoral-social-de-la-santa-veracruz-por-el-trabajo-en-beneficio-de-sectores-vulne","status":"publish","type":"post","link":"https:\/\/riograndezac.gob.mx\/informatica\/?p=653","title":{"rendered":"Como cada \u00faltimo viernes de mes el grupo Pro Cultura llev\u00f3 a cabo su evento, en donde entreg\u00f3 un reconocimiento a la Pastoral Social de la Santa Veracruz, por el trabajo en beneficio de sectores vulnerables."},"content":{"rendered":"<p>&nbsp;<\/p>\n<p><img loading=\"lazy\" decoding=\"async\" id=\"__wp-temp-img-id\" class=\" aligncenter\" title=\"\" src=\"https:\/\/riograndezac.gob.mx\/informatica\/wp-content\/uploads\/2015\/07\/procultura-1.jpg\" alt=\"\" width=\"700\" height=\"393\" \/><\/p>\n<p>Concepci\u00f3n Esquivel Delgado, quien encabeza este proyecto desde hace m\u00e1s de 8 a\u00f1os, acompa\u00f1ada de Gris Ru\u00edz de Noyola, Francisco Javier G\u00f3mez de la Fuente, Mart\u00edn Ru\u00edz Reyes, Eusebio de la Rosa e Irma G\u00f3mez, as\u00ed como de Eduardo Salas, Octavio Silva Delgado y Ferm\u00edn de la Rosa entregaron el reconocimiento al grupo Pastoral Social de la Santa Veracruz por realizar una labor social y human\u00edstica hacia las familias m\u00e1s vulnerables del municipio.<\/p>\n<p>&nbsp;<\/p>\n<p>El Sacerdote Cat\u00f3lico, Miguel \u00c1ngel L\u00f3pez Escobedo acompa\u00f1ado de los integrantes que conforman el grupo de Pastoral Social agradecieron el gesto de reconocer la labor que han desempe\u00f1ado, \u201cqueremos hacer un llamado a la ciudadan\u00eda a que se unan y formen parte de este grupo, aqu\u00ed se trabaja para buscar el beneficio de los m\u00e1s necesitados, en R\u00edo Grande la gente es muy generosa y saben ayudar, debemos de ser humildes y m\u00e1s en estos tiempos que la situaci\u00f3n est\u00e1 dif\u00edcil, la hora lleg\u00f3 de poner de nuestra parte para mejorar el entorno social en el que se encuentra no solo nuestro municipio, sino el mundo entro\u201d.<\/p>\n<p>&nbsp;<\/p>\n<p>Pese a las inclemencias del clima ocasionadas por\u00a0 las recientes lluvias, las instalaciones del jard\u00edn conocido como el espacio verde lucieron concurridas al contar con la presencia de m\u00e1s de un centenar de personas que se dieron cita para acompa\u00f1ar a los artistas Carolina y Valeria Silva Delgado, Abril Lizbeth de Le\u00f3n Castillo,\u00a0 Guillermo Eli\u00fa Calder\u00f3n P\u00e9rez, Ana Karen Mart\u00ednez Mendoza y diez cantantes m\u00e1s quienes deleitaron a los asistentes con su talento.<\/p>\n<p>&nbsp;<\/p>\n<p>Adem\u00e1s de la intervenci\u00f3n del grupo musical\u00a0 La Broma y el trio Escala, as\u00ed como la presentaci\u00f3n del de baile contempor\u00e1neo a cargo de Laura Janeth G\u00f3mez Hern\u00e1ndez y la demostraci\u00f3n de ballet por parte de Jaqueline Lares S\u00e1nchez, para luego dar paso a la intervenci\u00f3n de la maestra Mar\u00eda Luisa Somoza quien con su incomparable voz agreg\u00f3 un toque de romanticismo.<\/p>\n","protected":false},"excerpt":{"rendered":"<p>Pese a las inclemencias del clima ocasionadas por  las recientes lluvias, las instalaciones del jard\u00edn conocido como el espacio verde lucieron concurridas al contar con la presencia de m\u00e1s de un centenar de personas<\/p>\n","protected":false},"author":1,"featured_media":654,"comment_status":"closed","ping_status":"closed","sticky":false,"template":"","format":"standard","meta":{"_monsterinsights_skip_tracking":false,"_monsterinsights_sitenote_active":false,"_monsterinsights_sitenote_note":"","_monsterinsights_sitenote_category":0,"footnotes":""},"categories":[8],"tags":[12],"class_list":["post-653","post","type-post","status-publish","format-standard","has-post-thumbnail","hentry","category-gobierno-municipal-rio-grande-zacatecas","tag-comunicacion-social"],"jetpack_featured_media_url":"https:\/\/riograndezac.gob.mx\/informatica\/wp-content\/uploads\/2015\/07\/procultura-1.jpg","_links":{"self":[{"href":"https:\/\/riograndezac.gob.mx\/informatica\/index.php?rest_route=\/wp\/v2\/posts\/653","targetHints":{"allow":["GET"]}}],"collection":[{"href":"https:\/\/riograndezac.gob.mx\/informatica\/index.php?rest_route=\/wp\/v2\/posts"}],"about":[{"href":"https:\/\/riograndezac.gob.mx\/informatica\/index.php?rest_route=\/wp\/v2\/types\/post"}],"author":[{"embeddable":true,"href":"https:\/\/riograndezac.gob.mx\/informatica\/index.php?rest_route=\/wp\/v2\/users\/1"}],"replies":[{"embeddable":true,"href":"https:\/\/riograndezac.gob.mx\/informatica\/index.php?rest_route=%2Fwp%2Fv2%2Fcomments&post=653"}],"version-history":[{"count":1,"href":"https:\/\/riograndezac.gob.mx\/informatica\/index.php?rest_route=\/wp\/v2\/posts\/653\/revisions"}],"predecessor-version":[{"id":655,"href":"https:\/\/riograndezac.gob.mx\/informatica\/index.php?rest_route=\/wp\/v2\/posts\/653\/revisions\/655"}],"wp:featuredmedia":[{"embeddable":true,"href":"https:\/\/riograndezac.gob.mx\/informatica\/index.php?rest_route=\/wp\/v2\/media\/654"}],"wp:attachment":[{"href":"https:\/\/riograndezac.gob.mx\/informatica\/index.php?rest_route=%2Fwp%2Fv2%2Fmedia&parent=653"}],"wp:term":[{"taxonomy":"category","embeddable":true,"href":"https:\/\/riograndezac.gob.mx\/informatica\/index.php?rest_route=%2Fwp%2Fv2%2Fcategories&post=653"},{"taxonomy":"post_tag","embeddable":true,"href":"https:\/\/riograndezac.gob.mx\/informatica\/index.php?rest_route=%2Fwp%2Fv2%2Ftags&post=653"}],"curies":[{"name":"wp","href":"https:\/\/api.w.org\/{rel}","templated":true}]}}