{"id":656,"date":"2015-07-06T15:57:02","date_gmt":"2015-07-06T15:57:02","guid":{"rendered":"http:\/\/riograndezac.gob.mx\/informatica\/?p=656"},"modified":"2015-07-10T15:27:03","modified_gmt":"2015-07-10T15:27:03","slug":"pozo-los-conde","status":"publish","type":"post","link":"https:\/\/riograndezac.gob.mx\/informatica\/?p=656","title":{"rendered":"Pozo los Conde"},"content":{"rendered":"<p><img loading=\"lazy\" decoding=\"async\" id=\"__wp-temp-img-id\" class=\" aligncenter\" title=\"\" src=\"https:\/\/riograndezac.gob.mx\/informatica\/wp-content\/uploads\/2015\/07\/Los-conde-2-copia.jpg\" alt=\"\" width=\"700\" height=\"443\" \/><\/p>\n<p>Con un 50 por ciento de avance la obra del equipamiento del pozo profundo y la l\u00ednea de conducci\u00f3n en las comunidades de Los Conde, Tierra Blanca y La Luz de R\u00edo Grande, de una inversi\u00f3n de m\u00e1s de 2 millones 185 mil pesos.<\/p>\n<p>El alcalde Constantino Casta\u00f1eda Mu\u00f1oz, inform\u00f3 que \u201cesta obra que ser\u00e1 de utilidad para las 3 comunidades, es ejecutada por medio del Fondo III, consta de la construcci\u00f3n de la caseta, del tanque elevado, de la l\u00ednea de conducci\u00f3n, de la subestaci\u00f3n el\u00e9ctrica y el equipamiento del pozo\u201d.<\/p>\n<p>&nbsp;<\/p>\n<p>Inform\u00f3 que la obra est\u00e1 siendo lleva a cabo por la direcci\u00f3n de obras y servicios p\u00fablicos, a cargo de Asiel Felipe Garc\u00eda Mares, y que tiene un periodo de ejecuci\u00f3n desde el 1 de junio y hasta el 15 de agosto pr\u00f3ximo, por lo que se est\u00e1 en espera de la instalaci\u00f3n de la subestaci\u00f3n el\u00e9ctrica, que es lo m\u00e1s tardado.<\/p>\n<p>&nbsp;<\/p>\n<p>Sin embargo, dijo que se hace un esfuerzo para que la poblaci\u00f3n de Los Conde, Tierra Blanca y La Luz de R\u00edo Grande, se sientan satisfechos con una obra de calidad, puesto que significa una inversi\u00f3n de 2 millones 185 mil 104 pesos, con la que incluso, salen del tema de las comunidades con alto nivel de marginaci\u00f3n, puesto que lo que les hac\u00eda falta era contar con suministro del vital l\u00edquido.<\/p>\n<p>&nbsp;<\/p>\n<p>En este sentido, Casta\u00f1eda Mu\u00f1oz, dijo que es resultado del trabajo coordinado que se hace en la Administraci\u00f3n municipal, de la mano entre \u00e1reas como Obras y Servicios P\u00fablicos, as\u00ed como de Desarrollo Econ\u00f3mico y Social, puesto que en base a las distintas encuestas que se aplican, se han podido resolver las necesidades de la poblaci\u00f3n.<\/p>\n<p>&nbsp;<\/p>\n<p>Indic\u00f3 que una vez que se concluya con esta obra, se llevar\u00e1 a cabo el evento de entrega recepci\u00f3n e inauguraci\u00f3n, para que la poblaci\u00f3n de estas comunidades pueda hacer uso del pozo y del vital l\u00edquido como es el agua potable.<\/p>\n","protected":false},"excerpt":{"rendered":"<p>En este sentido, Casta\u00f1eda Mu\u00f1oz, dijo que es resultado del trabajo coordinado que se hace en la Administraci\u00f3n municipal, de la mano entre \u00e1reas como Obras y Servicios P\u00fablicos<\/p>\n","protected":false},"author":1,"featured_media":657,"comment_status":"closed","ping_status":"closed","sticky":false,"template":"","format":"standard","meta":{"_monsterinsights_skip_tracking":false,"_monsterinsights_sitenote_active":false,"_monsterinsights_sitenote_note":"","_monsterinsights_sitenote_category":0,"footnotes":""},"categories":[7,8],"tags":[18],"class_list":["post-656","post","type-post","status-publish","format-standard","has-post-thumbnail","hentry","category-comunicacion-social","category-gobierno-municipal-rio-grande-zacatecas","tag-gobierno-municipal-rio-grande"],"jetpack_featured_media_url":"https:\/\/riograndezac.gob.mx\/informatica\/wp-content\/uploads\/2015\/07\/Los-conde-2-copia.jpg","_links":{"self":[{"href":"https:\/\/riograndezac.gob.mx\/informatica\/index.php?rest_route=\/wp\/v2\/posts\/656","targetHints":{"allow":["GET"]}}],"collection":[{"href":"https:\/\/riograndezac.gob.mx\/informatica\/index.php?rest_route=\/wp\/v2\/posts"}],"about":[{"href":"https:\/\/riograndezac.gob.mx\/informatica\/index.php?rest_route=\/wp\/v2\/types\/post"}],"author":[{"embeddable":true,"href":"https:\/\/riograndezac.gob.mx\/informatica\/index.php?rest_route=\/wp\/v2\/users\/1"}],"replies":[{"embeddable":true,"href":"https:\/\/riograndezac.gob.mx\/informatica\/index.php?rest_route=%2Fwp%2Fv2%2Fcomments&post=656"}],"version-history":[{"count":1,"href":"https:\/\/riograndezac.gob.mx\/informatica\/index.php?rest_route=\/wp\/v2\/posts\/656\/revisions"}],"predecessor-version":[{"id":658,"href":"https:\/\/riograndezac.gob.mx\/informatica\/index.php?rest_route=\/wp\/v2\/posts\/656\/revisions\/658"}],"wp:featuredmedia":[{"embeddable":true,"href":"https:\/\/riograndezac.gob.mx\/informatica\/index.php?rest_route=\/wp\/v2\/media\/657"}],"wp:attachment":[{"href":"https:\/\/riograndezac.gob.mx\/informatica\/index.php?rest_route=%2Fwp%2Fv2%2Fmedia&parent=656"}],"wp:term":[{"taxonomy":"category","embeddable":true,"href":"https:\/\/riograndezac.gob.mx\/informatica\/index.php?rest_route=%2Fwp%2Fv2%2Fcategories&post=656"},{"taxonomy":"post_tag","embeddable":true,"href":"https:\/\/riograndezac.gob.mx\/informatica\/index.php?rest_route=%2Fwp%2Fv2%2Ftags&post=656"}],"curies":[{"name":"wp","href":"https:\/\/api.w.org\/{rel}","templated":true}]}}