{"id":6621,"date":"2018-10-02T14:35:18","date_gmt":"2018-10-02T19:35:18","guid":{"rendered":"http:\/\/riograndezac.gob.mx\/informatica\/?p=6621"},"modified":"2018-10-02T14:35:18","modified_gmt":"2018-10-02T19:35:18","slug":"conmemoran-estudiantes-el-cincuentenario-de-la-matanza-de-tlatelolco","status":"publish","type":"post","link":"https:\/\/riograndezac.gob.mx\/informatica\/?p=6621","title":{"rendered":"Conmemoran estudiantes el cincuentenario de la matanza de Tlatelolco"},"content":{"rendered":"<p>&nbsp;<\/p>\n<p>Alumnos de la escuela preparatoria Alfonso Medina y de las secundarias Leona Vicario y Ni\u00f1os H\u00e9roes de Rio Grande conmemoraron con la celebraci\u00f3n de los honores a la bandera y una marcha por las calles de la ciudad, el aniversario # 50 de la masacre del movimiento estudiantil del 68 en Tlatelolco.<\/p>\n<p>La bandera a media asta de la plaza c\u00edvica fue el escenario para que los alumnos de las instituciones educativas rindieran homenaje a los estudiantes ca\u00eddos durante la intervenci\u00f3n de los militares en la plaza de las Tres Culturas<\/p>\n<p>La directora de la escuela preparatoria Alfonso Medina Casta\u00f1eda Mariela Arriaga Guerrero, agradeci\u00f3 la presencia de los alumnos de las escuelas secundarias Leona Vicario y Ni\u00f1os H\u00e9roes, a quienes reconoci\u00f3 su inter\u00e9s por no permitir que la historia borre los hechos de 1968; pero tambi\u00e9n lamento que solo tres escuelas de nivel media fueran las que atendieran a la convocatoria hecha para conmemorar esta fecha tan significativa.<\/p>\n<p>Por su parte Jorge Ad\u00e1n Hernandez Lider del Movimiento Juvenil en Zacatecas, record\u00f3 a los j\u00f3venes alumnos que no se deben olvidar los hechos en los que estudiantes mexicanos se manifestaron en contra del gobierno haciendo valer su derecho a la libertad de expresi\u00f3n y de manifestaci\u00f3n, dijo \u201ceste es un ejemplo que siempre debemos seguir los j\u00f3venes, hacer valer nuestros derechos que como ciudadanos, como mexicanos y como seres humanos tenemos, es por eso que es tan importante recordar esta fecha\u201d, concluy\u00f3.<\/p>\n","protected":false},"excerpt":{"rendered":"<p>Alumnos de la escuela preparatoria Alfonso Medina y de las secundarias Leona Vicario y Ni\u00f1os H\u00e9roes de Rio Grande conmemoraron con la celebraci\u00f3n de los honores a la bandera y una marcha por las calles de la ciudad &#8230;<\/p>\n","protected":false},"author":1,"featured_media":6622,"comment_status":"closed","ping_status":"closed","sticky":false,"template":"","format":"standard","meta":{"_monsterinsights_skip_tracking":false,"_monsterinsights_sitenote_active":false,"_monsterinsights_sitenote_note":"","_monsterinsights_sitenote_category":0,"footnotes":""},"categories":[5],"tags":[12,18],"class_list":["post-6621","post","type-post","status-publish","format-standard","has-post-thumbnail","hentry","category-destacados","tag-comunicacion-social","tag-gobierno-municipal-rio-grande"],"jetpack_featured_media_url":"https:\/\/riograndezac.gob.mx\/informatica\/wp-content\/uploads\/2018\/10\/IMG_20181002_095020560_HDR.jpg","_links":{"self":[{"href":"https:\/\/riograndezac.gob.mx\/informatica\/index.php?rest_route=\/wp\/v2\/posts\/6621","targetHints":{"allow":["GET"]}}],"collection":[{"href":"https:\/\/riograndezac.gob.mx\/informatica\/index.php?rest_route=\/wp\/v2\/posts"}],"about":[{"href":"https:\/\/riograndezac.gob.mx\/informatica\/index.php?rest_route=\/wp\/v2\/types\/post"}],"author":[{"embeddable":true,"href":"https:\/\/riograndezac.gob.mx\/informatica\/index.php?rest_route=\/wp\/v2\/users\/1"}],"replies":[{"embeddable":true,"href":"https:\/\/riograndezac.gob.mx\/informatica\/index.php?rest_route=%2Fwp%2Fv2%2Fcomments&post=6621"}],"version-history":[{"count":1,"href":"https:\/\/riograndezac.gob.mx\/informatica\/index.php?rest_route=\/wp\/v2\/posts\/6621\/revisions"}],"predecessor-version":[{"id":6623,"href":"https:\/\/riograndezac.gob.mx\/informatica\/index.php?rest_route=\/wp\/v2\/posts\/6621\/revisions\/6623"}],"wp:featuredmedia":[{"embeddable":true,"href":"https:\/\/riograndezac.gob.mx\/informatica\/index.php?rest_route=\/wp\/v2\/media\/6622"}],"wp:attachment":[{"href":"https:\/\/riograndezac.gob.mx\/informatica\/index.php?rest_route=%2Fwp%2Fv2%2Fmedia&parent=6621"}],"wp:term":[{"taxonomy":"category","embeddable":true,"href":"https:\/\/riograndezac.gob.mx\/informatica\/index.php?rest_route=%2Fwp%2Fv2%2Fcategories&post=6621"},{"taxonomy":"post_tag","embeddable":true,"href":"https:\/\/riograndezac.gob.mx\/informatica\/index.php?rest_route=%2Fwp%2Fv2%2Ftags&post=6621"}],"curies":[{"name":"wp","href":"https:\/\/api.w.org\/{rel}","templated":true}]}}