{"id":664,"date":"2015-07-06T17:33:14","date_gmt":"2015-07-06T17:33:14","guid":{"rendered":"http:\/\/riograndezac.gob.mx\/informatica\/?p=664"},"modified":"2015-07-06T17:33:14","modified_gmt":"2015-07-06T17:33:14","slug":"graduacion-cbta-20","status":"publish","type":"post","link":"https:\/\/riograndezac.gob.mx\/informatica\/?p=664","title":{"rendered":"Graduaci\u00f3n CBTa 20"},"content":{"rendered":"<p><img loading=\"lazy\" decoding=\"async\" id=\"__wp-temp-img-id\" class=\" aligncenter\" title=\"\" src=\"https:\/\/riograndezac.gob.mx\/informatica\/wp-content\/uploads\/2015\/07\/Graduacion-2-copia.jpg\" alt=\"\" width=\"700\" height=\"683\" \/><\/p>\n<p>&nbsp;<\/p>\n<p>Con los Honores correspondientes al L\u00e1baro Patrio se dio inicio con el protocolo de graduaci\u00f3n, seguido de la entonaci\u00f3n de la marcha de Zacatecas para dar paso a la entrega de documentos que acreditan a estos alumnos la culminaci\u00f3n de sus estudios en el nivel medio superior a los t\u00e9cnicos en Inform\u00e1tica, Agroindustrias, Sociales, as\u00ed mismo a los j\u00f3venes Jos\u00e9 \u00c1ngel Villareal de la Rosa por el promedio de 9.7, Karen Guadalupe Casta\u00f1eda Herrera y Jesica Sandoval Rodr\u00edguez por el promedio de 9.8, Jaqueline Ju\u00e1rez Santacruz con el promedio de 9.4, Leonardo Silva D\u00edas, Juan Luis V\u00e1zquez Garc\u00eda Iv\u00e1n Contreras Rodr\u00edguez por el promedio de 9.9, y Lilia Paola Dom\u00ednguez Ram\u00edrez por el promedio de 10, quienes fueron felicitados por el Oficial Mayor Manuel Mendoza Z\u00fa\u00f1iga, en representaci\u00f3n del alcalde Constantino Casta\u00f1eda Mu\u00f1oz.<\/p>\n<p>&nbsp;<\/p>\n<p>La ceremonia de graduaci\u00f3n llevo el nombre en honor a \u201cZhelva Patricia Dur\u00f3n Garc\u00eda\u201d, quien form\u00f3 parte importante de la instituci\u00f3n, como alumna fue integrante del equipo de b\u00e1squet bol y en el grupo de danza, licenciada en contadur\u00eda graduada de la Facultad de Contadur\u00eda y Administraci\u00f3n de la Universidad Aut\u00f3noma de Zacatecas, realiz\u00f3 la maestr\u00eda en educaci\u00f3n para dar continuidad a su preparaci\u00f3n profesional con el doctorado en administraci\u00f3n en la misma universidad.<\/p>\n<p>&nbsp;<\/p>\n<p>En agosto de 2009 ingres\u00f3 a laborar en la instituci\u00f3n del C.B.T.a 20 donde se desempe\u00f1\u00f3 como docente en las materias de Lectura y Expresi\u00f3n Oral en la que su compromiso por realizar una formaci\u00f3n integral con los alumnos participo en diferentes actividades acad\u00e9micas y culturales, una maestra comprometida con su misi\u00f3n de educar\u00a0 dejo huella en sus alumnos como en compa\u00f1eros de trabajo, es as\u00ed como inicio la ceremonia protocolaria entre aplausos.<\/p>\n<p>&nbsp;<\/p>\n<p>\u201cNuestro pa\u00eds requiere de hombres y mujeres con alto nivel de competitividad y productividad, hoy 355 egresados de esta instituci\u00f3n tienen estas caracter\u00edsticas, son permeados por el desarrollo de competencias gen\u00e9ricas disciplinarias y profesionales y desde luego de perfil de idoneidad de los reconocidos docentes de este centro educativo, se van con las ambiciones personales y los conocimientos adquiridos de este nivel bien establecidos, con sus objetivos claros y metas propuestas para su vida\u201d coment\u00f3 el director Anselmo Rodr\u00edguez Res\u00e9ndiz.<\/p>\n<p>&nbsp;<\/p>\n<p>\u201cSi\u00e9ntanse seguros de haber cumplido a cabalidad de haber sido estudiantes, no teman a las adversidades que se encuentren en el camino, ya que llevan las herramientas necesarias para cumplir con sus proyectos de vida, el alto sentido de sensibilidad social para cambiar el mundo e influir en el legado, a los padres de familia les exhorto a confiar en sus hijos en este hermoso y sorprendente camino, el de la superaci\u00f3n\u201d agreg\u00f3.<\/p>\n<p>&nbsp;<\/p>\n<p>\u201cEl CBTa 20 es una instituci\u00f3n que se encuentra en el nivel 2 del sistema nacional de bachillerato, ocupa el primer lugar estatal en los concursos acad\u00e9micos, de habilidades y destrezas, el primer lugar estatal en concursos deportivos y en el 2018 se promover\u00e1 a el nivel 1 dentro del mismo sistema mediante otra respectiva evaluaci\u00f3n, por eso hoy aqu\u00ed refrendo mi compromiso con los m\u00e1s altos valores de la educaci\u00f3n agropecuaria en M\u00e9xico\u201d, coment\u00f3.<\/p>\n<p>&nbsp;<\/p>\n<p>\u201cEs para m\u00ed un honor estar en esta graduaci\u00f3n, quiero decirles que la Divisi\u00f3n General de Educaci\u00f3n\u00a0 Tecnol\u00f3gica Agropecuaria DGETA, siempre ha estado a la vanguardia de la educaci\u00f3n con procesos y pol\u00edticas de calidad con una misi\u00f3n y visi\u00f3n clara y con un rumbo bien definido, fundada en 1970 y hasta la fecha con m\u00e1s de 44 a\u00f1os de trabajo, esfuerzo y servicio a la sociedad, quiero reconocer el trabajo en equipo de esta instituci\u00f3n\u201d, coment\u00f3 Efra\u00edn \u00c1vila Arellano.<\/p>\n<p>&nbsp;<\/p>\n<p>\u201cLograr la meta no es f\u00e1cil, de 449 alumnos que ingresaron en el 2012, hoy son 355 que llegaron al objetivo, esto refleja un 70.6% de eficiencia, y un 2.4% en la deserci\u00f3n escolar, a nivel nacional representa el 14% de abandono escolar una de las metas es bajar al 9% a nivel nacional para el 2018, en el estado estamos en el 9% y una media de eficiencia terminal del 66.6% y la meta es lograr el 68%, otra de las metas es que cuando menos el 50% de los planteles est\u00e9n certificados en el sistema nacional de bachillerato, en Zacatecas estamos en nivel de excelencia y todos los planteles certificados\u201d detall\u00f3 Efra\u00edn \u00c1vila.<\/p>\n<p>&nbsp;<\/p>\n<p>\u201cQueremos reconocer al nombre del gobernador del estado Miguel Alonso Reyes, a este grupo de j\u00f3venes que han logrado escalar un grado m\u00e1s en su preparaci\u00f3n profesional, aqu\u00ed est\u00e1n los futuros m\u00e9dicos, ingenieros, abogadas, maestras, contadores, seg\u00fan el proyecto de vida que se tenga, pero es importante que los conocimientos que aqu\u00ed se adquirieron mezclarlos con los principios que han inculcado sus padres, esto les va a permitir crecer d\u00eda a d\u00eda y fomentar el coraje para lograr el triunfo\u201d, coment\u00f3 Jos\u00e9 Manuel Pe\u00f1a Badillo subsecretario de Educaci\u00f3n\u00a0 Media Superior y Superior.<\/p>\n<p>&nbsp;<\/p>\n<p>El director de la instituci\u00f3n Anselmo Rodr\u00edguez Res\u00e9ndiz fue el encargado de dar la bienvenida a los graduados y padres de familia, as\u00ed como a las personalidades que asistieron a la invitaci\u00f3n, entre ellos al representante del alcalde Constantino Casta\u00f1eda Mu\u00f1oz, al subsecretario de Educaci\u00f3n\u00a0 Media Superior y Superior, el subdirector de enlace operativo de la DGETA en Zacatecas Efra\u00edn \u00c1vila Arellano, Carlos Adri\u00e1n Pereira Ch\u00e1vez representante de la secretaria de asuntos laborales del nivel medio superior, otras autoridades.<\/p>\n","protected":false},"excerpt":{"rendered":"<p>355 Alumnos del Centro de Bachillerato Tecnol\u00f3gico Agropecuario n\u00famero 20 (CBTa. 20) de la generaci\u00f3n 2012-2015 terminaron con \u00e9xito sus estudios acompa\u00f1ados de sus familiares y autoridades municipales y estatales.<\/p>\n","protected":false},"author":1,"featured_media":665,"comment_status":"closed","ping_status":"closed","sticky":false,"template":"","format":"standard","meta":{"_monsterinsights_skip_tracking":false,"_monsterinsights_sitenote_active":false,"_monsterinsights_sitenote_note":"","_monsterinsights_sitenote_category":0,"footnotes":""},"categories":[8],"tags":[12],"class_list":["post-664","post","type-post","status-publish","format-standard","has-post-thumbnail","hentry","category-gobierno-municipal-rio-grande-zacatecas","tag-comunicacion-social"],"jetpack_featured_media_url":"https:\/\/riograndezac.gob.mx\/informatica\/wp-content\/uploads\/2015\/07\/Graduacion-2-copia.jpg","_links":{"self":[{"href":"https:\/\/riograndezac.gob.mx\/informatica\/index.php?rest_route=\/wp\/v2\/posts\/664","targetHints":{"allow":["GET"]}}],"collection":[{"href":"https:\/\/riograndezac.gob.mx\/informatica\/index.php?rest_route=\/wp\/v2\/posts"}],"about":[{"href":"https:\/\/riograndezac.gob.mx\/informatica\/index.php?rest_route=\/wp\/v2\/types\/post"}],"author":[{"embeddable":true,"href":"https:\/\/riograndezac.gob.mx\/informatica\/index.php?rest_route=\/wp\/v2\/users\/1"}],"replies":[{"embeddable":true,"href":"https:\/\/riograndezac.gob.mx\/informatica\/index.php?rest_route=%2Fwp%2Fv2%2Fcomments&post=664"}],"version-history":[{"count":1,"href":"https:\/\/riograndezac.gob.mx\/informatica\/index.php?rest_route=\/wp\/v2\/posts\/664\/revisions"}],"predecessor-version":[{"id":666,"href":"https:\/\/riograndezac.gob.mx\/informatica\/index.php?rest_route=\/wp\/v2\/posts\/664\/revisions\/666"}],"wp:featuredmedia":[{"embeddable":true,"href":"https:\/\/riograndezac.gob.mx\/informatica\/index.php?rest_route=\/wp\/v2\/media\/665"}],"wp:attachment":[{"href":"https:\/\/riograndezac.gob.mx\/informatica\/index.php?rest_route=%2Fwp%2Fv2%2Fmedia&parent=664"}],"wp:term":[{"taxonomy":"category","embeddable":true,"href":"https:\/\/riograndezac.gob.mx\/informatica\/index.php?rest_route=%2Fwp%2Fv2%2Fcategories&post=664"},{"taxonomy":"post_tag","embeddable":true,"href":"https:\/\/riograndezac.gob.mx\/informatica\/index.php?rest_route=%2Fwp%2Fv2%2Ftags&post=664"}],"curies":[{"name":"wp","href":"https:\/\/api.w.org\/{rel}","templated":true}]}}