{"id":6653,"date":"2018-10-10T15:10:56","date_gmt":"2018-10-10T20:10:56","guid":{"rendered":"http:\/\/riograndezac.gob.mx\/informatica\/?p=6653"},"modified":"2018-10-10T15:10:56","modified_gmt":"2018-10-10T20:10:56","slug":"ultiman-preparativos-para-el-tradicional-desfile-del-dia-de-muertos","status":"publish","type":"post","link":"https:\/\/riograndezac.gob.mx\/informatica\/?p=6653","title":{"rendered":"ULTIMAN PREPARATIVOS PARA EL TRADICIONAL DESFILE DEL DIA DE MUERTOS"},"content":{"rendered":"<p>&nbsp;<\/p>\n<p>Efrain Jesus Vital Zu\u00f1iga director del Instituto Municipal del Deporte informo que se est\u00e1n ultimando los preparativos para la realizaci\u00f3n del tradicional desfile de carros aleg\u00f3ricos alusivos al Dia de Muertos.<\/p>\n<p>\u201cEstamos a pocos d\u00edas de sacar la convocatoria para el tradicional desfile del Dia de Muertos, falta solo que se definan las premiaciones, y estamos buscando que sean atractivos para los que quieran participar, adem\u00e1s de que estamos afinando los t\u00e9rminos de los requisitos y las categor\u00edas, que tentativamente pretendemos que este a\u00f1o sean dos, tanto para los disfraces individuales como para los carros aleg\u00f3ricos, y serian categor\u00eda libre y tradicional mexicana, a fin de evitar las confusiones que se presentaron el a\u00f1o pasado, en donde se presentaron ciertas inconformidades debido a confusiones en la interpretaci\u00f3n de la convocatoria\u201d, as\u00ed lo dio a conocer el titular del Instituto de la Juventud de Rio Grande.<\/p>\n<p>En cuanto a la organizaci\u00f3n, informo que \u201cno variara mucho de los anteriores desfiles, en fechas pr\u00f3ximas, estaremos dando a conocer el recorrido y la hora de inicio del mismo, as\u00ed como el lugar de la premiaci\u00f3n, con la intenci\u00f3n de evitar las aglomeraciones que se dieron el a\u00f1o pasado.<\/p>\n","protected":false},"excerpt":{"rendered":"<p>Efrain Jesus Vital Zu\u00f1iga director del Instituto Municipal del Deporte informo que se est\u00e1n ultimando los preparativos para la realizaci\u00f3n del tradicional desfile de carros aleg\u00f3ricos alusivos al Dia de Muertos.<\/p>\n","protected":false},"author":1,"featured_media":6654,"comment_status":"closed","ping_status":"closed","sticky":false,"template":"","format":"standard","meta":{"_monsterinsights_skip_tracking":false,"_monsterinsights_sitenote_active":false,"_monsterinsights_sitenote_note":"","_monsterinsights_sitenote_category":0,"footnotes":""},"categories":[4],"tags":[12,18],"class_list":["post-6653","post","type-post","status-publish","format-standard","has-post-thumbnail","hentry","category-boletines","tag-comunicacion-social","tag-gobierno-municipal-rio-grande"],"jetpack_featured_media_url":"https:\/\/riograndezac.gob.mx\/informatica\/wp-content\/uploads\/2018\/10\/DSC04171.jpg","_links":{"self":[{"href":"https:\/\/riograndezac.gob.mx\/informatica\/index.php?rest_route=\/wp\/v2\/posts\/6653","targetHints":{"allow":["GET"]}}],"collection":[{"href":"https:\/\/riograndezac.gob.mx\/informatica\/index.php?rest_route=\/wp\/v2\/posts"}],"about":[{"href":"https:\/\/riograndezac.gob.mx\/informatica\/index.php?rest_route=\/wp\/v2\/types\/post"}],"author":[{"embeddable":true,"href":"https:\/\/riograndezac.gob.mx\/informatica\/index.php?rest_route=\/wp\/v2\/users\/1"}],"replies":[{"embeddable":true,"href":"https:\/\/riograndezac.gob.mx\/informatica\/index.php?rest_route=%2Fwp%2Fv2%2Fcomments&post=6653"}],"version-history":[{"count":1,"href":"https:\/\/riograndezac.gob.mx\/informatica\/index.php?rest_route=\/wp\/v2\/posts\/6653\/revisions"}],"predecessor-version":[{"id":6655,"href":"https:\/\/riograndezac.gob.mx\/informatica\/index.php?rest_route=\/wp\/v2\/posts\/6653\/revisions\/6655"}],"wp:featuredmedia":[{"embeddable":true,"href":"https:\/\/riograndezac.gob.mx\/informatica\/index.php?rest_route=\/wp\/v2\/media\/6654"}],"wp:attachment":[{"href":"https:\/\/riograndezac.gob.mx\/informatica\/index.php?rest_route=%2Fwp%2Fv2%2Fmedia&parent=6653"}],"wp:term":[{"taxonomy":"category","embeddable":true,"href":"https:\/\/riograndezac.gob.mx\/informatica\/index.php?rest_route=%2Fwp%2Fv2%2Fcategories&post=6653"},{"taxonomy":"post_tag","embeddable":true,"href":"https:\/\/riograndezac.gob.mx\/informatica\/index.php?rest_route=%2Fwp%2Fv2%2Ftags&post=6653"}],"curies":[{"name":"wp","href":"https:\/\/api.w.org\/{rel}","templated":true}]}}