{"id":687,"date":"2015-07-08T17:04:52","date_gmt":"2015-07-08T17:04:52","guid":{"rendered":"http:\/\/riograndezac.gob.mx\/informatica\/?p=687"},"modified":"2015-07-14T17:13:22","modified_gmt":"2015-07-14T17:13:22","slug":"el-instituto-municipal-de-cultura-prepara-la-proyeccion-de-la-pelicula-historica-sobre-la-revolucion-y-la-toma-de-zacatecas","status":"publish","type":"post","link":"https:\/\/riograndezac.gob.mx\/informatica\/?p=687","title":{"rendered":"El Instituto Municipal de Cultura, prepara la proyecci\u00f3n de la pel\u00edcula hist\u00f3rica sobre la Revoluci\u00f3n y la toma de Zacatecas."},"content":{"rendered":"<p><img loading=\"lazy\" decoding=\"async\" id=\"__wp-temp-img-id\" class=\" aligncenter\" title=\"\" src=\"https:\/\/riograndezac.gob.mx\/informatica\/wp-content\/uploads\/2015\/07\/Pelicula.jpg\" alt=\"\" width=\"621\" height=\"960\" \/><\/p>\n<p>En el marco de la Jornada Cultural \u201cIsidro M\u00e9ndez Lira\u201d, organizada por el Gobierno Municipal de R\u00edo Grande encabezado por el primer mandatario Constantino Casta\u00f1eda Mu\u00f1oz, a trav\u00e9s del Instituto Municipal de Cultura, prepara la proyecci\u00f3n de la pel\u00edcula hist\u00f3rica sobre la Revoluci\u00f3n y la toma de Zacatecas.<\/p>\n<p>&nbsp;<\/p>\n<p>Por parte del Instituto, se inform\u00f3 que la pel\u00edcula se llevar\u00e1 a cabo en la Casa de la Cultura Luis Cerrillo C\u00e1zares, ma\u00f1ana jueves a las 6 de la tarde, en donde se contar\u00e1 con la presencia de historiadores como Sergio Garc\u00eda Casta\u00f1eda y el Cronista Municipal, Jos\u00e9 Arturo Castillo Ram\u00edrez, para comentarla al final.<\/p>\n<p>&nbsp;<\/p>\n<p>As\u00ed mismo, se se\u00f1al\u00f3 que es la primera ocasi\u00f3n en que se presentar\u00e1 la pel\u00edcula en el municipio, por lo que se espera un buen n\u00famero de\u00a0 asistentes que gusten por la historia, sobre todo, debido a que son tomas originales de la Toma de Zacatecas y de la Revoluci\u00f3n Mexicana.<\/p>\n<p>&nbsp;<\/p>\n<p>Se\u00f1alaron que durante el evento, se contar\u00e1 con la participaci\u00f3n de la familia del hoy extinto \u00edcono de la cultura, Isidro M\u00e9ndez Lira, por lo que se hizo extensiva la invitaci\u00f3n a maestros de historia, y poblaci\u00f3n en general que se desee informar sobre este tema.<\/p>\n<p>&nbsp;<\/p>\n<p>Detallaron que habr\u00e1 palomitas y agua fresca, como se ha manejado en las distintas muestras de cine que ya se han llevado a cabo en la Casa de la Cultura con muestras de cine infantil y de adolescentes, por lo que en esta ocasi\u00f3n no ser\u00e1 la excepci\u00f3n.<\/p>\n<p>&nbsp;<\/p>\n<p>Externaron la invitaci\u00f3n a las familias para que acudan y disfruten de la pel\u00edcula, puesto que con im\u00e1genes aprende mejor, sobre todo en el caso de la historia de Zacatecas y del pa\u00eds.<\/p>\n<p>&nbsp;<\/p>\n<p>Finaliz\u00f3 invitando a la poblaci\u00f3n, para que acuda este jueves a las 6 de la tarde en la Casa de la Cultura, y disfrute de la tarde de pel\u00edcula e historia.<\/p>\n<p>&nbsp;<\/p>\n","protected":false},"excerpt":{"rendered":"<p>Se\u00f1alaron que durante el evento, se contar\u00e1 con la participaci\u00f3n de la familia del hoy extinto \u00edcono de la cultura, Isidro M\u00e9ndez Lira, por lo que se hizo extensiva la invitaci\u00f3n a maestros de historia, y poblaci\u00f3n en general que se desee informar sobre este tema.<\/p>\n","protected":false},"author":1,"featured_media":688,"comment_status":"closed","ping_status":"closed","sticky":false,"template":"","format":"standard","meta":{"_monsterinsights_skip_tracking":false,"_monsterinsights_sitenote_active":false,"_monsterinsights_sitenote_note":"","_monsterinsights_sitenote_category":0,"footnotes":""},"categories":[8],"tags":[12],"class_list":["post-687","post","type-post","status-publish","format-standard","has-post-thumbnail","hentry","category-gobierno-municipal-rio-grande-zacatecas","tag-comunicacion-social"],"jetpack_featured_media_url":"https:\/\/riograndezac.gob.mx\/informatica\/wp-content\/uploads\/2015\/07\/Pelicula.jpg","_links":{"self":[{"href":"https:\/\/riograndezac.gob.mx\/informatica\/index.php?rest_route=\/wp\/v2\/posts\/687","targetHints":{"allow":["GET"]}}],"collection":[{"href":"https:\/\/riograndezac.gob.mx\/informatica\/index.php?rest_route=\/wp\/v2\/posts"}],"about":[{"href":"https:\/\/riograndezac.gob.mx\/informatica\/index.php?rest_route=\/wp\/v2\/types\/post"}],"author":[{"embeddable":true,"href":"https:\/\/riograndezac.gob.mx\/informatica\/index.php?rest_route=\/wp\/v2\/users\/1"}],"replies":[{"embeddable":true,"href":"https:\/\/riograndezac.gob.mx\/informatica\/index.php?rest_route=%2Fwp%2Fv2%2Fcomments&post=687"}],"version-history":[{"count":1,"href":"https:\/\/riograndezac.gob.mx\/informatica\/index.php?rest_route=\/wp\/v2\/posts\/687\/revisions"}],"predecessor-version":[{"id":689,"href":"https:\/\/riograndezac.gob.mx\/informatica\/index.php?rest_route=\/wp\/v2\/posts\/687\/revisions\/689"}],"wp:featuredmedia":[{"embeddable":true,"href":"https:\/\/riograndezac.gob.mx\/informatica\/index.php?rest_route=\/wp\/v2\/media\/688"}],"wp:attachment":[{"href":"https:\/\/riograndezac.gob.mx\/informatica\/index.php?rest_route=%2Fwp%2Fv2%2Fmedia&parent=687"}],"wp:term":[{"taxonomy":"category","embeddable":true,"href":"https:\/\/riograndezac.gob.mx\/informatica\/index.php?rest_route=%2Fwp%2Fv2%2Fcategories&post=687"},{"taxonomy":"post_tag","embeddable":true,"href":"https:\/\/riograndezac.gob.mx\/informatica\/index.php?rest_route=%2Fwp%2Fv2%2Ftags&post=687"}],"curies":[{"name":"wp","href":"https:\/\/api.w.org\/{rel}","templated":true}]}}