{"id":693,"date":"2015-07-08T18:05:27","date_gmt":"2015-07-08T18:05:27","guid":{"rendered":"http:\/\/riograndezac.gob.mx\/informatica\/?p=693"},"modified":"2015-07-08T18:05:27","modified_gmt":"2015-07-08T18:05:27","slug":"listos-los-cursos-de-veraneo-deportivo-2015-en-la-unidad-deportiva-de-rio-grande-organizados-por-el-gobierno-municipal-encabezado-constantino-castaneda-munoz-a-traves-del-instituto","status":"publish","type":"post","link":"https:\/\/riograndezac.gob.mx\/informatica\/?p=693","title":{"rendered":"Listos los cursos de \u201cVeraneo Deportivo 2015\u201d en la Unidad Deportiva de R\u00edo Grande, organizados por el gobierno municipal encabezado Constantino Casta\u00f1eda Mu\u00f1oz, a trav\u00e9s del Instituto del deporte."},"content":{"rendered":"<p><img loading=\"lazy\" decoding=\"async\" id=\"__wp-temp-img-id\" class=\" aligncenter\" title=\"\" src=\"https:\/\/riograndezac.gob.mx\/informatica\/wp-content\/uploads\/2015\/07\/Deporte.png\" alt=\"\" width=\"487\" height=\"464\" \/><\/p>\n<p>&nbsp;<\/p>\n<p>H\u00e9ctor Mart\u00edn S\u00e1nchez Calder\u00f3n, titular de esta \u00e1rea municipal, indic\u00f3 que por segundo a\u00f1o consecutivo, se organizan estos cursos con el objetivo de que las y los ni\u00f1os tengan actividades positivas que realizar durante el verano de este a\u00f1o.<\/p>\n<p>&nbsp;<\/p>\n<p>Dijo que los cursos deportivos que se impartir\u00e1n, con los cuales los infantes aprenden a mejorar su condici\u00f3n f\u00edsica y su estilo de vida ser\u00e1n a partir del 20 de julio al 14 de agosto, con participantes de 8 a 12 a\u00f1os.<\/p>\n<p>&nbsp;<\/p>\n<p>Las disciplinas ser\u00e1n nataci\u00f3n, futbol, basquetbol, b\u00e9isbol y recreaci\u00f3n en general, con inscripciones gratuitas, por lo que se exhort\u00f3 a los padres de familia para que lleven a sus hijos e hijas a aprender mientras se ejercitan.<\/p>\n<p>&nbsp;<\/p>\n<p>S\u00e1nchez Calder\u00f3n, dijo se espera una amplia participaci\u00f3n en las instalaciones de la unidad deportiva, y aunque los cursos son para las y los menores, el lugar, est\u00e1 a disposici\u00f3n de la poblaci\u00f3n en general para que acuda y se active durante las vacaciones de verano 2015.<\/p>\n<p>&nbsp;<\/p>\n<p>Se\u00f1al\u00f3 el funcionario que en este sentido, se espera que asistan tambi\u00e9n los padres de familia que as\u00ed lo deseen, para tener la oportunidad hasta de organizar alguna reta entre los adultos asistentes, para promover la convivencia con las y los asistentes, sobre todo porque se tratan de momentos de convivencia familiar.<\/p>\n<p>&nbsp;<\/p>\n<p>El titular del deporte, enfatiz\u00f3 que se pueden dar mayores informes en las oficinas de esta \u00e1rea en la presidencia municipal, puesto que por el momento se est\u00e1n definiendo los horarios de las disciplinas, sin embargo, se encuentra haciendo ya la promoci\u00f3n, a manera de que las familias riograndenses se puedan programar para llevar sobre todo a las y los ni\u00f1os a los cursos que ofrece el gobierno municipal.<\/p>\n","protected":false},"excerpt":{"rendered":"<p>El titular del deporte, enfatiz\u00f3 que se pueden dar mayores informes en las oficinas de esta \u00e1rea en la presidencia municipal, puesto que por el momento se est\u00e1n definiendo los horarios de las disciplinas &#8230;<\/p>\n","protected":false},"author":1,"featured_media":694,"comment_status":"closed","ping_status":"closed","sticky":false,"template":"","format":"standard","meta":{"_monsterinsights_skip_tracking":false,"_monsterinsights_sitenote_active":false,"_monsterinsights_sitenote_note":"","_monsterinsights_sitenote_category":0,"footnotes":""},"categories":[5],"tags":[12,34],"class_list":["post-693","post","type-post","status-publish","format-standard","has-post-thumbnail","hentry","category-destacados","tag-comunicacion-social","tag-deporte"],"jetpack_featured_media_url":"https:\/\/riograndezac.gob.mx\/informatica\/wp-content\/uploads\/2015\/07\/Deporte.png","_links":{"self":[{"href":"https:\/\/riograndezac.gob.mx\/informatica\/index.php?rest_route=\/wp\/v2\/posts\/693","targetHints":{"allow":["GET"]}}],"collection":[{"href":"https:\/\/riograndezac.gob.mx\/informatica\/index.php?rest_route=\/wp\/v2\/posts"}],"about":[{"href":"https:\/\/riograndezac.gob.mx\/informatica\/index.php?rest_route=\/wp\/v2\/types\/post"}],"author":[{"embeddable":true,"href":"https:\/\/riograndezac.gob.mx\/informatica\/index.php?rest_route=\/wp\/v2\/users\/1"}],"replies":[{"embeddable":true,"href":"https:\/\/riograndezac.gob.mx\/informatica\/index.php?rest_route=%2Fwp%2Fv2%2Fcomments&post=693"}],"version-history":[{"count":1,"href":"https:\/\/riograndezac.gob.mx\/informatica\/index.php?rest_route=\/wp\/v2\/posts\/693\/revisions"}],"predecessor-version":[{"id":695,"href":"https:\/\/riograndezac.gob.mx\/informatica\/index.php?rest_route=\/wp\/v2\/posts\/693\/revisions\/695"}],"wp:featuredmedia":[{"embeddable":true,"href":"https:\/\/riograndezac.gob.mx\/informatica\/index.php?rest_route=\/wp\/v2\/media\/694"}],"wp:attachment":[{"href":"https:\/\/riograndezac.gob.mx\/informatica\/index.php?rest_route=%2Fwp%2Fv2%2Fmedia&parent=693"}],"wp:term":[{"taxonomy":"category","embeddable":true,"href":"https:\/\/riograndezac.gob.mx\/informatica\/index.php?rest_route=%2Fwp%2Fv2%2Fcategories&post=693"},{"taxonomy":"post_tag","embeddable":true,"href":"https:\/\/riograndezac.gob.mx\/informatica\/index.php?rest_route=%2Fwp%2Fv2%2Ftags&post=693"}],"curies":[{"name":"wp","href":"https:\/\/api.w.org\/{rel}","templated":true}]}}