{"id":701,"date":"2015-07-09T14:53:02","date_gmt":"2015-07-09T14:53:02","guid":{"rendered":"http:\/\/riograndezac.gob.mx\/informatica\/?p=701"},"modified":"2015-07-09T14:53:02","modified_gmt":"2015-07-09T14:53:02","slug":"se-llevo-a-cabo-el-ultimo-evento-de-honores-a-la-bandera-mexicana-en-la-plaza-civica-con-la-presencia-de-autoridades-municipales-y-educativas","status":"publish","type":"post","link":"https:\/\/riograndezac.gob.mx\/informatica\/?p=701","title":{"rendered":"Se llev\u00f3 a cabo el \u00faltimo evento de Honores a la Bandera Mexicana en la Plaza C\u00edvica, con la presencia de autoridades municipales y educativas."},"content":{"rendered":"<p><img loading=\"lazy\" decoding=\"async\" id=\"__wp-temp-img-id\" class=\" aligncenter\" title=\"\" src=\"https:\/\/riograndezac.gob.mx\/informatica\/wp-content\/uploads\/2015\/07\/HONORES-1.png\" alt=\"\" width=\"700\" height=\"436\" \/><\/p>\n<p>Con motivo del culminaci\u00f3n\u00a0del ciclo escolar 2014-2015, se llev\u00f3 a cabo el \u00faltimo evento de Honores a la Bandera Mexicana en la Plaza C\u00edvica, con la presencia de autoridades municipales y educativas.<\/p>\n<p>&nbsp;<\/p>\n<p>Como ya es una tradici\u00f3n, durante todo el ciclo escolar, el Gobierno Municipal encabezado por el primer mandatario Constantino Casta\u00f1eda Mu\u00f1oz, a trav\u00e9s de la Oficial\u00eda Mayor, llev\u00f3\u00a0 a cabo el \u00faltimo acto c\u00edvico con la participaci\u00f3n de la escuela primaria \u201cRam\u00f3n L\u00f3pez Velarde\u201d.<\/p>\n<p>&nbsp;<\/p>\n<p>En este evento, el secretario de Gobierno municipal, Felipe de Jes\u00fas Badillo Ram\u00edrez, en representaci\u00f3n del alcalde Constantino Casta\u00f1eda Mu\u00f1oz, agradeci\u00f3 a las y los maestros, as\u00ed como a la directora Elo\u00edsa G\u00f3mez, adem\u00e1s de los docentes de las dem\u00e1s instituciones que participaron en los actos c\u00edvicos de los lunes en la plaza c\u00edvica.<\/p>\n<p>&nbsp;<\/p>\n<p>El agradecimiento, tambi\u00e9n lo dirigi\u00f3 a los docentes que se encargaron de su formaci\u00f3n acad\u00e9mica, y que lo dejaron ver en la presentaci\u00f3n del acto c\u00edvico, desde la banda de guerra, la Escolta, a los alumnos que le dieron lectura a las efem\u00e9rides, el juramento a Bandera, e incluso que ya los alumnos en su mayor\u00eda tienen bien aprendida la Marcha de Zacatecas y por supuesto la entonaci\u00f3n del Himno Nacional.<\/p>\n<p>&nbsp;<\/p>\n<p>En este sentido, Badillo Ram\u00edrez, reconoci\u00f3 al coro de la escuela primaria \u201cRam\u00f3n L\u00f3pez Velarde\u201d, puesto que obtuvieron el primer lugar en el concurso regional de la entonaci\u00f3n del Himno Nacional Mexicano.<\/p>\n<p>&nbsp;<\/p>\n<p>En este emotivo acto, la Escolta de la emblem\u00e1tica escuela primaria, realiz\u00f3 el recorrido en la explanada de la plaza c\u00edvica para despu\u00e9s entonar el glorioso Himno Nacional, con vigorosa voz el Juramento a la Bandera, para continuar con la entonaci\u00f3n de la Marcha de Zacatecas.<\/p>\n<p>&nbsp;<\/p>\n<p>Badillo Ram\u00edrez, en su mensaje dijo que para aquellos alumnos que abandonar\u00e1n esta instituci\u00f3n, as\u00ed como otras de nivel preescolar, primaria, secundaria, bachillerato y profesional, \u00a0dejar\u00e1n a la que fue su casa por tres o seis a\u00f1os, \u201cesperamos que contin\u00faen con su preparaci\u00f3n acad\u00e9mica logrando en un futuro ser profesionistas que aporten cosas positivas a M\u00e9xico, a Zacatecas, y por supuesto a R\u00edo Grande, que es su casa\u201d.<\/p>\n","protected":false},"excerpt":{"rendered":"<p>En este emotivo acto, la Escolta de la emblem\u00e1tica escuela primaria, realiz\u00f3 el recorrido en la explanada de la plaza c\u00edvica para despu\u00e9s entonar el glorioso Himno Nacional, con vigorosa voz el Juramento a la Bandera &#8230;<\/p>\n","protected":false},"author":1,"featured_media":702,"comment_status":"closed","ping_status":"closed","sticky":false,"template":"","format":"standard","meta":{"_monsterinsights_skip_tracking":false,"_monsterinsights_sitenote_active":false,"_monsterinsights_sitenote_note":"","_monsterinsights_sitenote_category":0,"footnotes":""},"categories":[8],"tags":[12],"class_list":["post-701","post","type-post","status-publish","format-standard","has-post-thumbnail","hentry","category-gobierno-municipal-rio-grande-zacatecas","tag-comunicacion-social"],"jetpack_featured_media_url":"https:\/\/riograndezac.gob.mx\/informatica\/wp-content\/uploads\/2015\/07\/HONORES-1.png","_links":{"self":[{"href":"https:\/\/riograndezac.gob.mx\/informatica\/index.php?rest_route=\/wp\/v2\/posts\/701","targetHints":{"allow":["GET"]}}],"collection":[{"href":"https:\/\/riograndezac.gob.mx\/informatica\/index.php?rest_route=\/wp\/v2\/posts"}],"about":[{"href":"https:\/\/riograndezac.gob.mx\/informatica\/index.php?rest_route=\/wp\/v2\/types\/post"}],"author":[{"embeddable":true,"href":"https:\/\/riograndezac.gob.mx\/informatica\/index.php?rest_route=\/wp\/v2\/users\/1"}],"replies":[{"embeddable":true,"href":"https:\/\/riograndezac.gob.mx\/informatica\/index.php?rest_route=%2Fwp%2Fv2%2Fcomments&post=701"}],"version-history":[{"count":1,"href":"https:\/\/riograndezac.gob.mx\/informatica\/index.php?rest_route=\/wp\/v2\/posts\/701\/revisions"}],"predecessor-version":[{"id":703,"href":"https:\/\/riograndezac.gob.mx\/informatica\/index.php?rest_route=\/wp\/v2\/posts\/701\/revisions\/703"}],"wp:featuredmedia":[{"embeddable":true,"href":"https:\/\/riograndezac.gob.mx\/informatica\/index.php?rest_route=\/wp\/v2\/media\/702"}],"wp:attachment":[{"href":"https:\/\/riograndezac.gob.mx\/informatica\/index.php?rest_route=%2Fwp%2Fv2%2Fmedia&parent=701"}],"wp:term":[{"taxonomy":"category","embeddable":true,"href":"https:\/\/riograndezac.gob.mx\/informatica\/index.php?rest_route=%2Fwp%2Fv2%2Fcategories&post=701"},{"taxonomy":"post_tag","embeddable":true,"href":"https:\/\/riograndezac.gob.mx\/informatica\/index.php?rest_route=%2Fwp%2Fv2%2Ftags&post=701"}],"curies":[{"name":"wp","href":"https:\/\/api.w.org\/{rel}","templated":true}]}}