{"id":707,"date":"2015-07-09T15:03:37","date_gmt":"2015-07-09T15:03:37","guid":{"rendered":"http:\/\/riograndezac.gob.mx\/informatica\/?p=707"},"modified":"2015-07-14T17:14:54","modified_gmt":"2015-07-14T17:14:54","slug":"estan-preparados-los-cursos-para-este-verano-en-las-instalaciones-del-centro-multidisciplinario-sumar-de-rio-grande","status":"publish","type":"post","link":"https:\/\/riograndezac.gob.mx\/informatica\/?p=707","title":{"rendered":"Est\u00e1n preparados los cursos para este verano en las instalaciones del Centro Multidisciplinario SUMAR de R\u00edo Grande."},"content":{"rendered":"<p>&nbsp;<\/p>\n<p><img loading=\"lazy\" decoding=\"async\" id=\"__wp-temp-img-id\" class=\" aligncenter\" title=\"\" src=\"https:\/\/riograndezac.gob.mx\/informatica\/wp-content\/uploads\/2015\/07\/Sumar.png\" alt=\"\" width=\"700\" height=\"406\" \/><\/p>\n<p>Gracias al apoyo y el respaldo del alcalde Constantino Casta\u00f1eda Mu\u00f1oz y para darle seguimiento a sus indicaciones, este verano el Centro Multidisciplinario SUMAR ubicado en la comunidad de Vicente Guerrero, est\u00e1 listo para recibir a quienes deseen participar de estos cursos.<\/p>\n<p>&nbsp;<\/p>\n<p>La titular de esta \u00e1rea, \u00c1ngeles Galaviz, detall\u00f3 que \u201cactualmente contamos con cursos en las disciplinas de kung fu con una buena asistencia desde el mes de marzo y que finalizar\u00e1 el pr\u00f3ximo mes de noviembre; el curso de Zumba inici\u00f3 el pasado mes de junio y concluye en el mes de agosto; el curso de guitarra comenz\u00f3 el pasado mes de febrero y finaliza el pr\u00f3ximo mes de agosto; por \u00faltimo, el de b\u00e1squetbol comenz\u00f3 el pasado mes de febrero y concluir\u00e1 el mes de noviembre; en estas disciplinas se atienden a m\u00e1s de medio centenar de beneficiarios\u201d.<\/p>\n<p>&nbsp;<\/p>\n<p>As\u00ed mismo, detall\u00f3 que \u201clos cursos que van a iniciar son de computaci\u00f3n, ingl\u00e9s, primeros auxilios y el curso en la biblioteca, denominado \u201cmis vacaciones en la biblioteca\u201d, donde en \u00e9ste \u00faltimo se har\u00e1 hincapi\u00e9 en temas de relevancia en la actualidad como el bulling en las escuelas, dramatizaciones, c\u00edrculos y talleres de lectura, se buscar\u00e1 promover la convivencia familiar, uno de los aspectos m\u00e1s importantes en los que nos ha hecho recomendaci\u00f3n el alcalde\u201d.<\/p>\n<p>&nbsp;<\/p>\n<p>Extern\u00f3 que las inscripciones est\u00e1n abiertas, y para aprovechar que es el receso escolar \u201cqueremos invitar a la poblaci\u00f3n, sobre todo a las comunidades que est\u00e1n aleda\u00f1as como es Santa Teresa, Los Ram\u00edrez, Los N\u00fa\u00f1ez, y La Luz, por mencionar algunas, a que acudan y aprovechen los espacios como \u00e9ste, que abre sus puertas de las 8 de la ma\u00f1ana a las 8 de la noche y que tambi\u00e9n brinda atenci\u00f3n psicol\u00f3gica de las 8:30 a las 3:30 y cada jueves la funci\u00f3n de cine a partir de las 4 de la tarde, adem\u00e1s del material de la biblioteca y el centro de c\u00f3mputo\u201d.<\/p>\n","protected":false},"excerpt":{"rendered":"<p>\u201clos cursos que van a iniciar son de computaci\u00f3n, ingl\u00e9s, primeros auxilios y el curso en la biblioteca, denominado \u201cmis vacaciones en la biblioteca\u201d<\/p>\n","protected":false},"author":1,"featured_media":708,"comment_status":"closed","ping_status":"closed","sticky":false,"template":"","format":"standard","meta":{"_monsterinsights_skip_tracking":false,"_monsterinsights_sitenote_active":false,"_monsterinsights_sitenote_note":"","_monsterinsights_sitenote_category":0,"footnotes":""},"categories":[5],"tags":[12],"class_list":["post-707","post","type-post","status-publish","format-standard","has-post-thumbnail","hentry","category-destacados","tag-comunicacion-social"],"jetpack_featured_media_url":"https:\/\/riograndezac.gob.mx\/informatica\/wp-content\/uploads\/2015\/07\/Sumar.png","_links":{"self":[{"href":"https:\/\/riograndezac.gob.mx\/informatica\/index.php?rest_route=\/wp\/v2\/posts\/707","targetHints":{"allow":["GET"]}}],"collection":[{"href":"https:\/\/riograndezac.gob.mx\/informatica\/index.php?rest_route=\/wp\/v2\/posts"}],"about":[{"href":"https:\/\/riograndezac.gob.mx\/informatica\/index.php?rest_route=\/wp\/v2\/types\/post"}],"author":[{"embeddable":true,"href":"https:\/\/riograndezac.gob.mx\/informatica\/index.php?rest_route=\/wp\/v2\/users\/1"}],"replies":[{"embeddable":true,"href":"https:\/\/riograndezac.gob.mx\/informatica\/index.php?rest_route=%2Fwp%2Fv2%2Fcomments&post=707"}],"version-history":[{"count":1,"href":"https:\/\/riograndezac.gob.mx\/informatica\/index.php?rest_route=\/wp\/v2\/posts\/707\/revisions"}],"predecessor-version":[{"id":709,"href":"https:\/\/riograndezac.gob.mx\/informatica\/index.php?rest_route=\/wp\/v2\/posts\/707\/revisions\/709"}],"wp:featuredmedia":[{"embeddable":true,"href":"https:\/\/riograndezac.gob.mx\/informatica\/index.php?rest_route=\/wp\/v2\/media\/708"}],"wp:attachment":[{"href":"https:\/\/riograndezac.gob.mx\/informatica\/index.php?rest_route=%2Fwp%2Fv2%2Fmedia&parent=707"}],"wp:term":[{"taxonomy":"category","embeddable":true,"href":"https:\/\/riograndezac.gob.mx\/informatica\/index.php?rest_route=%2Fwp%2Fv2%2Fcategories&post=707"},{"taxonomy":"post_tag","embeddable":true,"href":"https:\/\/riograndezac.gob.mx\/informatica\/index.php?rest_route=%2Fwp%2Fv2%2Ftags&post=707"}],"curies":[{"name":"wp","href":"https:\/\/api.w.org\/{rel}","templated":true}]}}