{"id":724,"date":"2015-07-10T15:24:58","date_gmt":"2015-07-10T15:24:58","guid":{"rendered":"http:\/\/riograndezac.gob.mx\/informatica\/?p=724"},"modified":"2015-07-14T17:15:50","modified_gmt":"2015-07-14T17:15:50","slug":"cumple-en-tiempo-y-forma-el-sistema-municipal-para-el-desarrollo-integral-de-la-familia-smdif-con-la-entrega-de-17-mil-desayunos-y-800-canastas-basicas-durante-el-ultimo-mes-del-ciclo-escolar-2014","status":"publish","type":"post","link":"https:\/\/riograndezac.gob.mx\/informatica\/?p=724","title":{"rendered":"Cumple en tiempo y forma el Sistema Municipal para el Desarrollo Integral de la Familia (SMDIF), con la entrega de 17 mil desayunos \u00fd 800 canastas b\u00e1sicas durante el \u00faltimo mes del ciclo escolar 2014-2015."},"content":{"rendered":"<p><img loading=\"lazy\" decoding=\"async\" id=\"__wp-temp-img-id\" class=\" aligncenter\" title=\"\" src=\"https:\/\/riograndezac.gob.mx\/informatica\/wp-content\/uploads\/2015\/07\/ESCUELA-DESAYUNOS.png\" alt=\"\" width=\"700\" height=\"363\" \/><\/p>\n<p>&nbsp;<\/p>\n<p>Julio C\u00e9sar Mares Torres, director de la dependencia municipal, se\u00f1al\u00f3 que \u201ceste programa privilegia a 20 escuelas con m\u00e1s necesidades, que cursan escuelas de nivel preescolar y primaria, tanto de cabecera como de algunas comunidades, por lo que es necesario que resalte que es un trabajo que encabeza la presidenta del DIF, Martha Patricia Molina de Casta\u00f1eda\u201d.<\/p>\n<p>&nbsp;<\/p>\n<p>Explic\u00f3 que a aquellas instituciones a las que se les brinda el apoyo de los desayunos, no se les entrega canasta b\u00e1sica, y viceversa, a quienes se les entrega canasta, no se les apoya con desayuno, para de esta manera llegar a m\u00e1s ni\u00f1os y ni\u00f1as de bajos recursos.<\/p>\n<p>&nbsp;<\/p>\n<p>Mares Torres, indic\u00f3 que las raciones que le corresponden a cada una de las instituciones educativas de nivel b\u00e1sico, son de hasta mil diarias, dependiendo del n\u00famero de ni\u00f1os beneficiarios, puesto que hay algunas que son 500 diarias, seg\u00fan corresponda.<\/p>\n<p>&nbsp;<\/p>\n<p>De igual manera, dijo que la entrega de canastas b\u00e1sicas y de desayunos escolares con que se benefician a las instituciones incorporadas en el programa, se acompa\u00f1an de pl\u00e1ticas de orientaci\u00f3n en educaci\u00f3n alimentaria a cargo de nutri\u00f3logos del DIF municipal, de manera de dar m\u00e1s ideas a quienes manejan las cocinas escolares, sobre m\u00e1s platillos nutritivos.<\/p>\n<p>&nbsp;<\/p>\n<p>Extern\u00f3 que de esta manera seguimos la indicaci\u00f3n del presidente municipal, Constantino Casta\u00f1eda Mu\u00f1oz, de beneficiar a los sectores m\u00e1s vulnerables, tanto a los menores como a las familias de bajos recursos.<\/p>\n<p>&nbsp;<\/p>\n<p>Indic\u00f3 que entre las instituciones que se ven beneficiadas, es la primaria \u201cRam\u00f3n L\u00f3pez Velarde\u201d de la colonia Los Duraznos, la \u201cJusto Sierra\u201d, la primaria \u201cP\u00e1nfilo Natera\u201d, por mencionar algunas de la cabecera municipal, as\u00ed como de comunidades como Tetillas, Los Conde y Tierra Blanca, entre otras.<\/p>\n<p>&nbsp;<\/p>\n<p>Finaliz\u00f3 mencionando que el programa de desayunos escolares, se reiniciar\u00e1 en agosto pr\u00f3ximo cuando las instituciones educativas se reincorporen al ciclo escolar 2015-2016.<\/p>\n<p>&nbsp;<\/p>\n","protected":false},"excerpt":{"rendered":"<p>Indic\u00f3 que entre las instituciones que se ven beneficiadas, es la primaria \u201cRam\u00f3n L\u00f3pez Velarde\u201d de la colonia Los Duraznos, la \u201cJusto Sierra\u201d, la primaria \u201cP\u00e1nfilo Natera\u201d<\/p>\n","protected":false},"author":1,"featured_media":725,"comment_status":"closed","ping_status":"closed","sticky":false,"template":"","format":"standard","meta":{"_monsterinsights_skip_tracking":false,"_monsterinsights_sitenote_active":false,"_monsterinsights_sitenote_note":"","_monsterinsights_sitenote_category":0,"footnotes":""},"categories":[8],"tags":[12],"class_list":["post-724","post","type-post","status-publish","format-standard","has-post-thumbnail","hentry","category-gobierno-municipal-rio-grande-zacatecas","tag-comunicacion-social"],"jetpack_featured_media_url":"https:\/\/riograndezac.gob.mx\/informatica\/wp-content\/uploads\/2015\/07\/ESCUELA-DESAYUNOS.png","_links":{"self":[{"href":"https:\/\/riograndezac.gob.mx\/informatica\/index.php?rest_route=\/wp\/v2\/posts\/724","targetHints":{"allow":["GET"]}}],"collection":[{"href":"https:\/\/riograndezac.gob.mx\/informatica\/index.php?rest_route=\/wp\/v2\/posts"}],"about":[{"href":"https:\/\/riograndezac.gob.mx\/informatica\/index.php?rest_route=\/wp\/v2\/types\/post"}],"author":[{"embeddable":true,"href":"https:\/\/riograndezac.gob.mx\/informatica\/index.php?rest_route=\/wp\/v2\/users\/1"}],"replies":[{"embeddable":true,"href":"https:\/\/riograndezac.gob.mx\/informatica\/index.php?rest_route=%2Fwp%2Fv2%2Fcomments&post=724"}],"version-history":[{"count":1,"href":"https:\/\/riograndezac.gob.mx\/informatica\/index.php?rest_route=\/wp\/v2\/posts\/724\/revisions"}],"predecessor-version":[{"id":726,"href":"https:\/\/riograndezac.gob.mx\/informatica\/index.php?rest_route=\/wp\/v2\/posts\/724\/revisions\/726"}],"wp:featuredmedia":[{"embeddable":true,"href":"https:\/\/riograndezac.gob.mx\/informatica\/index.php?rest_route=\/wp\/v2\/media\/725"}],"wp:attachment":[{"href":"https:\/\/riograndezac.gob.mx\/informatica\/index.php?rest_route=%2Fwp%2Fv2%2Fmedia&parent=724"}],"wp:term":[{"taxonomy":"category","embeddable":true,"href":"https:\/\/riograndezac.gob.mx\/informatica\/index.php?rest_route=%2Fwp%2Fv2%2Fcategories&post=724"},{"taxonomy":"post_tag","embeddable":true,"href":"https:\/\/riograndezac.gob.mx\/informatica\/index.php?rest_route=%2Fwp%2Fv2%2Ftags&post=724"}],"curies":[{"name":"wp","href":"https:\/\/api.w.org\/{rel}","templated":true}]}}