{"id":751,"date":"2015-07-13T15:59:30","date_gmt":"2015-07-13T15:59:30","guid":{"rendered":"http:\/\/riograndezac.gob.mx\/informatica\/?p=751"},"modified":"2015-07-20T16:54:42","modified_gmt":"2015-07-20T16:54:42","slug":"alumnos-guardianes-del-agua-como-parte-de-las-actividades-de-clausura-de-fin-de-ciclo-escolar-2014-2015-en-la-escuela-primaria-independencia-de-la-colonia-buenos-aires-realizaron-una-exposicion-de","status":"publish","type":"post","link":"https:\/\/riograndezac.gob.mx\/informatica\/?p=751","title":{"rendered":"Guardianes del agua"},"content":{"rendered":"<p><img loading=\"lazy\" decoding=\"async\" id=\"__wp-temp-img-id\" class=\" aligncenter\" title=\"\" src=\"https:\/\/riograndezac.gob.mx\/informatica\/wp-content\/uploads\/2015\/07\/GUARDIANES-INDEPENDENCIA-2.jpg\" alt=\"\" width=\"700\" height=\"525\" \/><\/p>\n<p>Alumnos Guardianes del Agua, como parte de las actividades de clausura de fin de ciclo escolar 2014-2015, en la escuela primaria Independencia, de la colonia Buenos Aires, realizaron una exposici\u00f3n de trabajos basados en el tema de cuidado del vital l\u00edquido.<\/p>\n<p>&nbsp;<\/p>\n<p>Considerados como guardianes del agua destacados, de los m\u00e1s de 550 estudiantes del Programa Guardianes del Agua, vinculado por la Secretar\u00eda del Agua y Medio Ambiente (SAMA) y el Sistema Municipal del Agua Potable, Alcantarillado y Saneamiento de R\u00edo Grande (SIMAPARG), se realiz\u00f3 un reconocimiento al grupo de quinto grado a cargo de la profesora Brigida Amaya Saucedo, bajo la direcci\u00f3n de la maestra Mar\u00eda del Carmen Gonz\u00e1lez Ram\u00edrez.<\/p>\n<p>&nbsp;<\/p>\n<p>Los alumnos guardianes del agua, de esta instituci\u00f3n, recibieron reconocimientos por su esfuerzo y desempe\u00f1o dentro del Programa Guardianes del Agua, destac\u00e1ndose Manuel de Jes\u00fas Castruita Tapia, Dana Hiramy Alvarado Zu\u00f1iga, Lizette Rodr\u00edguez Garc\u00eda, estudiantes y promotores del uso eficiente del cuidado\u00a0 del agua, en su plantel y acciones de concientizaci\u00f3n en el municipio de R\u00edo Grande.<\/p>\n<p>&nbsp;<\/p>\n<p>Marisol Chavero Delgado, responsable del Espacio de Cultura del Agua, promotora de las acciones de concientizaci\u00f3n en nivel b\u00e1sico en la cabecera municipal y comunidades, y en representaci\u00f3n de Roberto Mart\u00ednez Ort\u00edz, titular del SIMAPARG, coment\u00f3 que \u201cgracias a los alumnos, destacados de la escuela primaria \u201c Independencia\u201d, por su creatividad e incluso nuestro reconocimiento a sus padres de familia, pues realizaron grandiosas maquetas, dise\u00f1adas con materiales de reciclaje y decoradas perfectamente, con temas de medio ambiente, contaminaci\u00f3n del agua, participando en los grupos de manera creativa\u201d.<\/p>\n<p>&nbsp;<\/p>\n<p>Tambi\u00e9n de manera entusiasta \u201ctodos y cada uno de los participantes, aportaron propuestas de iniciativa para cambiar nuestro planeta, cuidado del agua, as\u00ed como mejorar y proteger el medio ambiente, desde puntos de vista distintos, basados en los acontecimientos que actualmente suceden por el cambio clim\u00e1tico, la escases\u00a0 de agua, fugas, denuncias para que los adultos mejoren su actitudes y disciplina para cuidar el vital l\u00edquido\u201d, expuso.<\/p>\n","protected":false},"excerpt":{"rendered":"<p>Marisol Chavero Delgado, responsable del Espacio de Cultura del Agua, promotora de las acciones de concientizaci\u00f3n en nivel b\u00e1sico en la cabecera municipal y comunidades, y en representaci\u00f3n de Roberto Mart\u00ednez Ort\u00edz, titular del SIMAPARG<\/p>\n","protected":false},"author":1,"featured_media":753,"comment_status":"closed","ping_status":"closed","sticky":false,"template":"","format":"standard","meta":{"_monsterinsights_skip_tracking":false,"_monsterinsights_sitenote_active":false,"_monsterinsights_sitenote_note":"","_monsterinsights_sitenote_category":0,"footnotes":""},"categories":[4],"tags":[12,18],"class_list":["post-751","post","type-post","status-publish","format-standard","has-post-thumbnail","hentry","category-boletines","tag-comunicacion-social","tag-gobierno-municipal-rio-grande"],"jetpack_featured_media_url":"https:\/\/riograndezac.gob.mx\/informatica\/wp-content\/uploads\/2015\/07\/GUARDIANES-INDEPENDENCIA-2.jpg","_links":{"self":[{"href":"https:\/\/riograndezac.gob.mx\/informatica\/index.php?rest_route=\/wp\/v2\/posts\/751","targetHints":{"allow":["GET"]}}],"collection":[{"href":"https:\/\/riograndezac.gob.mx\/informatica\/index.php?rest_route=\/wp\/v2\/posts"}],"about":[{"href":"https:\/\/riograndezac.gob.mx\/informatica\/index.php?rest_route=\/wp\/v2\/types\/post"}],"author":[{"embeddable":true,"href":"https:\/\/riograndezac.gob.mx\/informatica\/index.php?rest_route=\/wp\/v2\/users\/1"}],"replies":[{"embeddable":true,"href":"https:\/\/riograndezac.gob.mx\/informatica\/index.php?rest_route=%2Fwp%2Fv2%2Fcomments&post=751"}],"version-history":[{"count":3,"href":"https:\/\/riograndezac.gob.mx\/informatica\/index.php?rest_route=\/wp\/v2\/posts\/751\/revisions"}],"predecessor-version":[{"id":755,"href":"https:\/\/riograndezac.gob.mx\/informatica\/index.php?rest_route=\/wp\/v2\/posts\/751\/revisions\/755"}],"wp:featuredmedia":[{"embeddable":true,"href":"https:\/\/riograndezac.gob.mx\/informatica\/index.php?rest_route=\/wp\/v2\/media\/753"}],"wp:attachment":[{"href":"https:\/\/riograndezac.gob.mx\/informatica\/index.php?rest_route=%2Fwp%2Fv2%2Fmedia&parent=751"}],"wp:term":[{"taxonomy":"category","embeddable":true,"href":"https:\/\/riograndezac.gob.mx\/informatica\/index.php?rest_route=%2Fwp%2Fv2%2Fcategories&post=751"},{"taxonomy":"post_tag","embeddable":true,"href":"https:\/\/riograndezac.gob.mx\/informatica\/index.php?rest_route=%2Fwp%2Fv2%2Ftags&post=751"}],"curies":[{"name":"wp","href":"https:\/\/api.w.org\/{rel}","templated":true}]}}