{"id":852,"date":"2015-07-20T15:32:39","date_gmt":"2015-07-20T15:32:39","guid":{"rendered":"http:\/\/riograndezac.gob.mx\/informatica\/?p=852"},"modified":"2015-07-20T15:32:39","modified_gmt":"2015-07-20T15:32:39","slug":"denuncias-anonimas","status":"publish","type":"post","link":"https:\/\/riograndezac.gob.mx\/informatica\/?p=852","title":{"rendered":"Denuncias an\u00f3nimas"},"content":{"rendered":"<p><img loading=\"lazy\" decoding=\"async\" id=\"__wp-temp-img-id\" title=\"\" src=\"https:\/\/riograndezac.gob.mx\/informatica\/wp-content\/uploads\/2015\/07\/recorridos-denuncias-anonimas-1.jpg\" alt=\"\" width=\"700\" height=\"411\" \/><\/p>\n<p>El alcalde Constantino Casta\u00f1eda Mu\u00f1oz, realiz\u00f3 un llamado a la poblaci\u00f3n de R\u00edo Grande para que haga denuncias an\u00f3nimas de los lugares en donde est\u00e9n ubicadas granjas familiares como establos, marraneras, rastros y basureros clandestinos y evitar olores f\u00e9tidos como los que se han presentado hace algunos d\u00edas.<\/p>\n<p>&nbsp;<\/p>\n<p>El primer mandatario riograndense, se\u00f1al\u00f3 que \u201cdando seguimiento a la situaci\u00f3n que nos aqueja a todos, y de acuerdo a la normatividad de los Servicios de salud, ellos no pueden actuar si no hay una denuncia por parte de la ciudadan\u00eda, y nuestra gente quiz\u00e1 no est\u00e1 acostumbrada a denunciar por temor a represalias\u201d.<\/p>\n<p>&nbsp;<\/p>\n<p>Sin embargo, \u201ccon mucha responsabilidad, nosotros asumimos el hacer el tr\u00e1mite de la denuncia en la Jurisdicci\u00f3n Sanitaria n\u00famero IV, por lo que invito a la poblaci\u00f3n, para que se sientan con mucha confianza y acudan al Instituto Municipal de Ecolog\u00eda y Medio Ambiente (IMEMARG), o bien a la Secretar\u00eda del Ayuntamiento, en donde Ra\u00fal Monreal y Felipe de Jes\u00fas Badillo, titular del instituto y secretario de gobierno, respectivamente, tomar\u00e1n la denuncia an\u00f3nima y nosotros como gobierno haremos la denuncia como corresponde, para que como instituci\u00f3n de salud puedan aplicar las sanciones correspondientes\u201d.<\/p>\n<p>&nbsp;<\/p>\n<p>Indic\u00f3 que \u201cya la direcci\u00f3n de seguridad p\u00fablica a cargo de Ren\u00e9 G\u00f3mez est\u00e1 dando distintos recorridos para localizar e iniciar procedimientos administrativos a los due\u00f1os de establos y marraneras, adem\u00e1s de que est\u00e1n buscando rastros clandestinos e incluso, en los recorridos que realizaron, ya se detuvo a ciudadanos que se les sorprendi\u00f3 tirando basura en lugares donde no corresponde llamados \u201cbasureros clandestinos\u201d, por lo que se les remiti\u00f3 a seguridad p\u00fablica y pagaron una multa de casi 800 pesos, como corresponde\u201d.<\/p>\n<p>&nbsp;<\/p>\n<p>De esta manera Casta\u00f1eda Mu\u00f1oz, indic\u00f3 que \u201cvamos a seguir haciendo los rondines como corresponde y a quien se le sorprenda tirando basura se le remitir\u00e1 a Seguridad P\u00fablica. Esto no es nuevo, es algo que est\u00e1 establecido, y lo vamos a aplicar\u201d.<\/p>\n<p>&nbsp;<\/p>\n<p>Con respecto a los Rastros Clandestinos, dijo que \u201cestamos tambi\u00e9n en busca de estos lugares, porque adem\u00e1s de no contar con un permiso, y de incluso poder distribuir carne contaminada, tiran las v\u00edsceras al drenaje o las tiran en esos basureros clandestinos, lo que puede ocasionar que haya olores f\u00e9tidos, adem\u00e1s de una contaminaci\u00f3n ambiental\u201d.<\/p>\n<p>&nbsp;<\/p>\n<p>Finaliz\u00f3 exhortando a la poblaci\u00f3n, para que haga las denuncias an\u00f3nimas, para actuar de inmediato a trav\u00e9s de las corporaciones de seguridad p\u00fablica, protecci\u00f3n civil, ecolog\u00eda, SIMAPARG, entre otros.<\/p>\n","protected":false},"excerpt":{"rendered":"<p>Con respecto a los Rastros Clandestinos, dijo que \u201cestamos tambi\u00e9n en busca de estos lugares, porque adem\u00e1s de no contar con un permiso, y de incluso poder distribuir carne contaminada<\/p>\n","protected":false},"author":1,"featured_media":853,"comment_status":"closed","ping_status":"closed","sticky":false,"template":"","format":"standard","meta":{"_monsterinsights_skip_tracking":false,"_monsterinsights_sitenote_active":false,"_monsterinsights_sitenote_note":"","_monsterinsights_sitenote_category":0,"footnotes":""},"categories":[8],"tags":[12],"class_list":["post-852","post","type-post","status-publish","format-standard","has-post-thumbnail","hentry","category-gobierno-municipal-rio-grande-zacatecas","tag-comunicacion-social"],"jetpack_featured_media_url":"https:\/\/riograndezac.gob.mx\/informatica\/wp-content\/uploads\/2015\/07\/recorridos-denuncias-anonimas-1.jpg","_links":{"self":[{"href":"https:\/\/riograndezac.gob.mx\/informatica\/index.php?rest_route=\/wp\/v2\/posts\/852","targetHints":{"allow":["GET"]}}],"collection":[{"href":"https:\/\/riograndezac.gob.mx\/informatica\/index.php?rest_route=\/wp\/v2\/posts"}],"about":[{"href":"https:\/\/riograndezac.gob.mx\/informatica\/index.php?rest_route=\/wp\/v2\/types\/post"}],"author":[{"embeddable":true,"href":"https:\/\/riograndezac.gob.mx\/informatica\/index.php?rest_route=\/wp\/v2\/users\/1"}],"replies":[{"embeddable":true,"href":"https:\/\/riograndezac.gob.mx\/informatica\/index.php?rest_route=%2Fwp%2Fv2%2Fcomments&post=852"}],"version-history":[{"count":1,"href":"https:\/\/riograndezac.gob.mx\/informatica\/index.php?rest_route=\/wp\/v2\/posts\/852\/revisions"}],"predecessor-version":[{"id":854,"href":"https:\/\/riograndezac.gob.mx\/informatica\/index.php?rest_route=\/wp\/v2\/posts\/852\/revisions\/854"}],"wp:featuredmedia":[{"embeddable":true,"href":"https:\/\/riograndezac.gob.mx\/informatica\/index.php?rest_route=\/wp\/v2\/media\/853"}],"wp:attachment":[{"href":"https:\/\/riograndezac.gob.mx\/informatica\/index.php?rest_route=%2Fwp%2Fv2%2Fmedia&parent=852"}],"wp:term":[{"taxonomy":"category","embeddable":true,"href":"https:\/\/riograndezac.gob.mx\/informatica\/index.php?rest_route=%2Fwp%2Fv2%2Fcategories&post=852"},{"taxonomy":"post_tag","embeddable":true,"href":"https:\/\/riograndezac.gob.mx\/informatica\/index.php?rest_route=%2Fwp%2Fv2%2Ftags&post=852"}],"curies":[{"name":"wp","href":"https:\/\/api.w.org\/{rel}","templated":true}]}}