{"id":899,"date":"2015-07-23T17:54:29","date_gmt":"2015-07-23T17:54:29","guid":{"rendered":"http:\/\/riograndezac.gob.mx\/informatica\/?p=899"},"modified":"2015-08-04T00:26:46","modified_gmt":"2015-08-04T00:26:46","slug":"cursos-bibliotecas","status":"publish","type":"post","link":"https:\/\/riograndezac.gob.mx\/informatica\/?p=899","title":{"rendered":"Cursos Bibliotecas"},"content":{"rendered":"<p><img loading=\"lazy\" decoding=\"async\" id=\"__wp-temp-img-id\" class=\" aligncenter\" title=\"\" src=\"https:\/\/riograndezac.gob.mx\/informatica\/wp-content\/uploads\/2015\/07\/Bibliotecas2.png\" alt=\"\" width=\"588\" height=\"396\" \/><\/p>\n<p>&nbsp;<\/p>\n<p>Con el prop\u00f3sito de despertar en los menores el inter\u00e9s por la lectura y las artes, el gobierno municipal encabezado por Constantino Casta\u00f1eda Mu\u00f1oz a trav\u00e9s de la Red de Bibliotecas del municipio de R\u00edo Grande a cargo de Yasmin Esquivel Aguilera, inici\u00f3 con \u00e9xito las actividades que se realizan cada verano en las bibliotecas del municipio.<\/p>\n<p>&nbsp;<\/p>\n<p>\u201cDe manera simult\u00e1nea esta actividad est\u00e1 programada en las 14 bibliotecas ubicadas en las comunidades con el mismo prop\u00f3sito, de contribuir en el despertar el inter\u00e9s por la lectura y actividades art\u00edsticas en los menores, es por eso que le damos el seguimiento a las recomendaciones del alcalde Constantino Casta\u00f1eda Mu\u00f1oz, al fomentar el h\u00e1bito y recuperar las buenas costumbres y modales que se han ausentado en las nuevas generaciones\u201d, agreg\u00f3 Yazmin Esquivel Aguilera.<\/p>\n<p>&nbsp;<\/p>\n<p>\u201cLas actividades iniciaron el pasado lunes 20 de julio y se cont\u00f3 con la asistencia de m\u00e1s de 150 ni\u00f1os en su mayor\u00eda de la cabecera municipal todos en promedio de los 4 a los 12 a\u00f1os de edad, respaldados por el equipo que conformamos la red de bibliotecas solo aqu\u00ed contamos con 11 instructores que previo a esta actividad recibimos capacitaci\u00f3n para poder realizar las din\u00e1micas\u201d, detall\u00f3.<\/p>\n<p>&nbsp;<\/p>\n<p>\u201cPor mencionar algunas actividades, se formaron unas mesas de trabajo entre los ni\u00f1os donde se debaten temas de inter\u00e9s social como la recuperaci\u00f3n de los valores, la recuperaci\u00f3n de la paz, el bullyng. Otros m\u00e1s realizan manualidades que hay que recalcar el talento y la imaginaci\u00f3n que tienen, unos m\u00e1s asisten a peque\u00f1as funciones de cine con pel\u00edculas de trama y documentales, c\u00edrculos de lectura, temas de la equidad de g\u00e9nero y sexualidad\u201d, describi\u00f3 la funcionaria.<\/p>\n<p>&nbsp;<\/p>\n<p>\u201cEl horario es de las 10 de la ma\u00f1ana a la 1 de la tarde, incluso hay padres de familia que deciden acompa\u00f1ar a sus hijos y al final terminan por involucrarse tambi\u00e9n en las actividades, eso nos da mucho gusto porque es as\u00ed como poco a poco cada uno de nosotros hacemos nuestra parte para lograr recuperar los valores que nos inculcan en casa, por otra parte, lo \u00fanico que deben de traer los peque\u00f1os es el \u00e1nimo, ya que aqu\u00ed les proveemos de todo el material necesario como l\u00e1pices, hojas de m\u00e1quina, pinturas y todo lo que se puedan ellos imaginar, es el caso de un ni\u00f1o que nos sorprendi\u00f3 con una manualidad hecha con material reciclado y piedras que recogi\u00f3 del jard\u00edn\u201d, manifest\u00f3.<\/p>\n<p>&nbsp;<\/p>\n<p>La invitaci\u00f3n a la ciudadan\u00eda entonces para que puedan acompa\u00f1arnos en lo que resta de la semana, ya que posiblemente volvamos a realizar este tipo de actividades que han sido muy fruct\u00edferas, esto lo hacemos al contemplar que pr\u00f3ximamente la biblioteca municipal celebrar\u00e1 sus primeros 30 a\u00f1os de existencia y de funcionamiento, lo cual nos hace sentir muy orgullosos de ser nosotros los encargados de fomentar el uso y las visitas\u201d, finaliz\u00f3.<\/p>\n<p>&nbsp;<\/p>\n","protected":false},"excerpt":{"rendered":"<p>De manera simult\u00e1nea esta actividad est\u00e1 programada en las 14 bibliotecas ubicadas en las comunidades con el mismo prop\u00f3sito, de contribuir en el despertar el inter\u00e9s por la lectura y actividades art\u00edsticas<\/p>\n","protected":false},"author":1,"featured_media":900,"comment_status":"closed","ping_status":"closed","sticky":false,"template":"","format":"standard","meta":{"_monsterinsights_skip_tracking":false,"_monsterinsights_sitenote_active":false,"_monsterinsights_sitenote_note":"","_monsterinsights_sitenote_category":0,"footnotes":""},"categories":[5],"tags":[40,12,18],"class_list":["post-899","post","type-post","status-publish","format-standard","has-post-thumbnail","hentry","category-destacados","tag-biblioteca","tag-comunicacion-social","tag-gobierno-municipal-rio-grande"],"jetpack_featured_media_url":"https:\/\/riograndezac.gob.mx\/informatica\/wp-content\/uploads\/2015\/07\/Bibliotecas2.png","_links":{"self":[{"href":"https:\/\/riograndezac.gob.mx\/informatica\/index.php?rest_route=\/wp\/v2\/posts\/899","targetHints":{"allow":["GET"]}}],"collection":[{"href":"https:\/\/riograndezac.gob.mx\/informatica\/index.php?rest_route=\/wp\/v2\/posts"}],"about":[{"href":"https:\/\/riograndezac.gob.mx\/informatica\/index.php?rest_route=\/wp\/v2\/types\/post"}],"author":[{"embeddable":true,"href":"https:\/\/riograndezac.gob.mx\/informatica\/index.php?rest_route=\/wp\/v2\/users\/1"}],"replies":[{"embeddable":true,"href":"https:\/\/riograndezac.gob.mx\/informatica\/index.php?rest_route=%2Fwp%2Fv2%2Fcomments&post=899"}],"version-history":[{"count":1,"href":"https:\/\/riograndezac.gob.mx\/informatica\/index.php?rest_route=\/wp\/v2\/posts\/899\/revisions"}],"predecessor-version":[{"id":901,"href":"https:\/\/riograndezac.gob.mx\/informatica\/index.php?rest_route=\/wp\/v2\/posts\/899\/revisions\/901"}],"wp:featuredmedia":[{"embeddable":true,"href":"https:\/\/riograndezac.gob.mx\/informatica\/index.php?rest_route=\/wp\/v2\/media\/900"}],"wp:attachment":[{"href":"https:\/\/riograndezac.gob.mx\/informatica\/index.php?rest_route=%2Fwp%2Fv2%2Fmedia&parent=899"}],"wp:term":[{"taxonomy":"category","embeddable":true,"href":"https:\/\/riograndezac.gob.mx\/informatica\/index.php?rest_route=%2Fwp%2Fv2%2Fcategories&post=899"},{"taxonomy":"post_tag","embeddable":true,"href":"https:\/\/riograndezac.gob.mx\/informatica\/index.php?rest_route=%2Fwp%2Fv2%2Ftags&post=899"}],"curies":[{"name":"wp","href":"https:\/\/api.w.org\/{rel}","templated":true}]}}