{"id":908,"date":"2015-07-23T18:06:46","date_gmt":"2015-07-23T18:06:46","guid":{"rendered":"http:\/\/riograndezac.gob.mx\/informatica\/?p=908"},"modified":"2015-07-23T18:06:46","modified_gmt":"2015-07-23T18:06:46","slug":"este-proximo-sabado-a-partir-de-las-9-de-la-manana-se-abriran-las-puertas-del-patio-central-de-la-presidencia-municipal-para-darle-la-bienvenida-a-los-aficionados-al-ajedrez","status":"publish","type":"post","link":"https:\/\/riograndezac.gob.mx\/informatica\/?p=908","title":{"rendered":"Este pr\u00f3ximo s\u00e1bado a partir de las 9 de la ma\u00f1ana se abrir\u00e1n las puertas del patio central de la presidencia municipal para darle la bienvenida a los aficionados al ajedrez"},"content":{"rendered":"<p>&nbsp;<\/p>\n<p>&nbsp;<\/p>\n<p>&nbsp;<\/p>\n<p>Este pr\u00f3ximo s\u00e1bado a partir de las 9 de la ma\u00f1ana se abrir\u00e1n las puertas del patio central de la presidencia municipal para darle la bienvenida a los aficionados al ajedrez, ya que se aproximan las competencias estatales y nacionales a las que se pretende asista un buen n\u00famero de representantes de R\u00edo Grande a la primera etapa.<\/p>\n<p>&nbsp;<\/p>\n<p>\u201cGracias a la buena respuesta que tuvo la convocatoria para jugar ajedrez el \u00faltimo s\u00e1bado de cada mes en las instalaciones de la alcald\u00eda, se contin\u00faa trabajando con el objetivo de encontrar prospectos que participen en las olimpiadas estatal y nacional, en \u00e9sta que es una disciplina deportiva que implica preparaci\u00f3n psicol\u00f3gica\u00a0 y requiere estrategia y t\u00e1ctica como distintos deportes\u201d, detall\u00f3 Mart\u00edn S\u00e1nchez Calder\u00f3n, titular del deporte en R\u00edo Grande.<\/p>\n<p>&nbsp;<\/p>\n<p>\u201cActualmente se cuenta con 8 categor\u00edas, desde preescolar hasta secundaria en las ramas varonil y femenil desde los 5 a\u00f1os hasta los 18 a\u00f1o\u201d, destac\u00f3.<\/p>\n<p>&nbsp;<\/p>\n<p>\u201cPara este mes de julio es ya el cuarto s\u00e1bado que realizamos esta actividad, por lo que\u00a0 en raz\u00f3n a la aceptaci\u00f3n que se ha obtenido invitamos a la poblaci\u00f3n a que aprovechen este espacio en el verano y a quienes deseen participar es totalmente gratis, todos son bienvenidos, incluso pueden traer su propio tablero\u201d, a\u00f1adi\u00f3.<\/p>\n<p>&nbsp;<\/p>\n<p>S\u00e1nchez Calder\u00f3n dijo que \u201cel presidente municipal Constantino Casta\u00f1eda Mu\u00f1oz, est\u00e1 muy contento, puesto que hay mucha participaci\u00f3n, sobre todo tomando en cuenta que no es tan simple como la actividad f\u00edsica, la preparaci\u00f3n psicol\u00f3gica, la competencia y otras facetas del mismo hacen que la actividad se considere deportiva, y por tanto as\u00ed se consigne, adem\u00e1s es un juego que se practica para estar en campeonatos o actividades ajedreicas y tiene reglas como todo deporte as\u00ed que cumple las normas para ser un deporte pero no deja de ser un juego para aprender a pensar y concentrarse en el plan adem\u00e1s te ayuda mentalmente, el ajedrez no se trata de mover piezas se trata de pensar y nosotros debemos pensar\u201d.<\/p>\n<p>&nbsp;<\/p>\n<p>Finalmente menciono que la es para este s\u00e1bado\u00a0 25 a partir de las 9 de la ma\u00f1ana, en las instalaciones de la presidencia municipal para llevar a cabo las partidas de ajedrez, con la intenci\u00f3n de preparar a los prospectos que nos representaran en las olimpiadas estatal y nacional\u201d.<\/p>\n","protected":false},"excerpt":{"rendered":"<p>S\u00e1nchez Calder\u00f3n dijo que \u201cel presidente municipal Constantino Casta\u00f1eda Mu\u00f1oz, est\u00e1 muy contento, puesto que hay mucha participaci\u00f3n, sobre todo tomando en cuenta que no es tan simple como la actividad f\u00edsica<\/p>\n","protected":false},"author":1,"featured_media":909,"comment_status":"closed","ping_status":"closed","sticky":false,"template":"","format":"standard","meta":{"_monsterinsights_skip_tracking":false,"_monsterinsights_sitenote_active":false,"_monsterinsights_sitenote_note":"","_monsterinsights_sitenote_category":0,"footnotes":""},"categories":[5],"tags":[12,18],"class_list":["post-908","post","type-post","status-publish","format-standard","has-post-thumbnail","hentry","category-destacados","tag-comunicacion-social","tag-gobierno-municipal-rio-grande"],"jetpack_featured_media_url":"https:\/\/riograndezac.gob.mx\/informatica\/wp-content\/uploads\/2015\/07\/ajedrez.jpg","_links":{"self":[{"href":"https:\/\/riograndezac.gob.mx\/informatica\/index.php?rest_route=\/wp\/v2\/posts\/908","targetHints":{"allow":["GET"]}}],"collection":[{"href":"https:\/\/riograndezac.gob.mx\/informatica\/index.php?rest_route=\/wp\/v2\/posts"}],"about":[{"href":"https:\/\/riograndezac.gob.mx\/informatica\/index.php?rest_route=\/wp\/v2\/types\/post"}],"author":[{"embeddable":true,"href":"https:\/\/riograndezac.gob.mx\/informatica\/index.php?rest_route=\/wp\/v2\/users\/1"}],"replies":[{"embeddable":true,"href":"https:\/\/riograndezac.gob.mx\/informatica\/index.php?rest_route=%2Fwp%2Fv2%2Fcomments&post=908"}],"version-history":[{"count":1,"href":"https:\/\/riograndezac.gob.mx\/informatica\/index.php?rest_route=\/wp\/v2\/posts\/908\/revisions"}],"predecessor-version":[{"id":910,"href":"https:\/\/riograndezac.gob.mx\/informatica\/index.php?rest_route=\/wp\/v2\/posts\/908\/revisions\/910"}],"wp:featuredmedia":[{"embeddable":true,"href":"https:\/\/riograndezac.gob.mx\/informatica\/index.php?rest_route=\/wp\/v2\/media\/909"}],"wp:attachment":[{"href":"https:\/\/riograndezac.gob.mx\/informatica\/index.php?rest_route=%2Fwp%2Fv2%2Fmedia&parent=908"}],"wp:term":[{"taxonomy":"category","embeddable":true,"href":"https:\/\/riograndezac.gob.mx\/informatica\/index.php?rest_route=%2Fwp%2Fv2%2Fcategories&post=908"},{"taxonomy":"post_tag","embeddable":true,"href":"https:\/\/riograndezac.gob.mx\/informatica\/index.php?rest_route=%2Fwp%2Fv2%2Ftags&post=908"}],"curies":[{"name":"wp","href":"https:\/\/api.w.org\/{rel}","templated":true}]}}