{"id":916,"date":"2015-07-24T19:23:50","date_gmt":"2015-07-24T19:23:50","guid":{"rendered":"http:\/\/riograndezac.gob.mx\/informatica\/?p=916"},"modified":"2015-07-24T19:23:50","modified_gmt":"2015-07-24T19:23:50","slug":"el-gobierno-municipal-de-rio-grande-atiende-de-manera-pacifica-a-un-grupo-de-cerca-de-100-maestros-de-distintas-instituciones-educativas","status":"publish","type":"post","link":"https:\/\/riograndezac.gob.mx\/informatica\/?p=916","title":{"rendered":"El Gobierno Municipal de R\u00edo Grande, atiende de manera pac\u00edfica a un grupo de cerca de 100 maestros de distintas instituciones educativas"},"content":{"rendered":"<p><img loading=\"lazy\" decoding=\"async\" id=\"__wp-temp-img-id\" class=\" aligncenter\" title=\"\" src=\"https:\/\/riograndezac.gob.mx\/informatica\/wp-content\/uploads\/2015\/07\/Reuni\u00f3n-3.png\" alt=\"\" width=\"700\" height=\"308\" \/><\/p>\n<p>&nbsp;<\/p>\n<p>El Gobierno Municipal de R\u00edo Grande, atiende de manera pac\u00edfica a un grupo de cerca de 100 maestros de distintas instituciones educativas, encabezados por Edgar L\u00f3pez de la Cruz, quienes se manifestaron con respecto a las reformas educativas a nivel nacional.<\/p>\n<p>&nbsp;<\/p>\n<p>En su manifestaci\u00f3n, los maestros solicitaron que a trav\u00e9s del alcalde Constantino Casta\u00f1eda Mu\u00f1oz, se haga saber su inconformidad al gobernador del Estado Miguel Alonso Reyes con respecto al tema de la educaci\u00f3n, por lo que en representaci\u00f3n del alcalde, la S\u00edndico Municipal, Ana Marianela Hern\u00e1ndez Pe\u00f1a, en su car\u00e1cter de representante legal de R\u00edo Grande, les atendi\u00f3 y extern\u00f3 que \u201ctengan la seguridad de que todo lo que ustedes nos est\u00e1n platicando, se lo haremos llegar al presidente, para que \u00e9l lo haga saber a qui\u00e9n corresponde\u201d.<\/p>\n<p>&nbsp;<\/p>\n<p>De igual manera, le solicit\u00f3 a este grupo de docentes, que sus peticiones las hagan llegar por escrito, para que a su vez, Casta\u00f1eda Mu\u00f1oz, pueda darle el seguimiento necesario.<\/p>\n<p>&nbsp;<\/p>\n<p>Extern\u00f3 que \u201clas reformas, siempre son para mejorar, por ejemplo con respecto a trabajar hasta 38 a\u00f1os, pero afortunadamente yo a\u00fan me siento muy bien, porque tambi\u00e9n soy maestra\u201d.<\/p>\n<p>&nbsp;<\/p>\n<p>\u201cComo gobierno municipal, les digo que aqu\u00ed estamos d\u00e1ndoles la cara, con la responsabilidad que tenemos por estar al frente como autoridad municipal. Debemos de pensar que las reformas educativas, son para que los alumnos salgan m\u00e1s preparados; sus comentarios los haremos llegar a donde corresponden, por lo que les pido que lo entreguen por escrito, confiando en que en su momento, el gobernador del Estado har\u00e1 lo propio\u201d, se\u00f1al\u00f3 la s\u00edndico.<\/p>\n<p>&nbsp;<\/p>\n<p>Inform\u00f3 que al edificio de la presidencia municipal, acudi\u00f3 la direcci\u00f3n de seguridad p\u00fablica, a cargo de Ren\u00e9 G\u00f3mez P\u00e9rez, puesto que se desconoc\u00eda los t\u00e9rminos en los que se llevar\u00eda a cabo la manifestaci\u00f3n; sin embargo, los elementos de la corporaci\u00f3n, se mantuvieron al margen y \u00fanicamente estuvieron atentos al evento.<\/p>\n<p>&nbsp;<\/p>\n<p>Cabe se\u00f1alar que la manifestaci\u00f3n se llev\u00f3 a cabo en el patio de la alcald\u00eda, y por indicaciones de Casta\u00f1eda Mu\u00f1oz, se les atendi\u00f3 en la Sala de Cabildo de manera respetuosa y pac\u00edfica, a trav\u00e9s de una comitiva de 25 maestros, as\u00ed como del director de seguridad p\u00fablica, la jur\u00eddico Guadalupe Figueroa, el titular de desarrollo agropecuario Carlos Samaniego, entre otros funcionarios.<\/p>\n","protected":false},"excerpt":{"rendered":"<p>Cabe se\u00f1alar que la manifestaci\u00f3n se llev\u00f3 a cabo en el patio de la alcald\u00eda, y por indicaciones de Casta\u00f1eda Mu\u00f1oz, se les atendi\u00f3 en la Sala de Cabildo de manera respetuosa y pac\u00edfica<\/p>\n","protected":false},"author":1,"featured_media":917,"comment_status":"closed","ping_status":"closed","sticky":false,"template":"","format":"standard","meta":{"_monsterinsights_skip_tracking":false,"_monsterinsights_sitenote_active":false,"_monsterinsights_sitenote_note":"","_monsterinsights_sitenote_category":0,"footnotes":""},"categories":[5],"tags":[12,18],"class_list":["post-916","post","type-post","status-publish","format-standard","has-post-thumbnail","hentry","category-destacados","tag-comunicacion-social","tag-gobierno-municipal-rio-grande"],"jetpack_featured_media_url":"https:\/\/riograndezac.gob.mx\/informatica\/wp-content\/uploads\/2015\/07\/Reuni\u00f3n-3.png","_links":{"self":[{"href":"https:\/\/riograndezac.gob.mx\/informatica\/index.php?rest_route=\/wp\/v2\/posts\/916","targetHints":{"allow":["GET"]}}],"collection":[{"href":"https:\/\/riograndezac.gob.mx\/informatica\/index.php?rest_route=\/wp\/v2\/posts"}],"about":[{"href":"https:\/\/riograndezac.gob.mx\/informatica\/index.php?rest_route=\/wp\/v2\/types\/post"}],"author":[{"embeddable":true,"href":"https:\/\/riograndezac.gob.mx\/informatica\/index.php?rest_route=\/wp\/v2\/users\/1"}],"replies":[{"embeddable":true,"href":"https:\/\/riograndezac.gob.mx\/informatica\/index.php?rest_route=%2Fwp%2Fv2%2Fcomments&post=916"}],"version-history":[{"count":1,"href":"https:\/\/riograndezac.gob.mx\/informatica\/index.php?rest_route=\/wp\/v2\/posts\/916\/revisions"}],"predecessor-version":[{"id":918,"href":"https:\/\/riograndezac.gob.mx\/informatica\/index.php?rest_route=\/wp\/v2\/posts\/916\/revisions\/918"}],"wp:featuredmedia":[{"embeddable":true,"href":"https:\/\/riograndezac.gob.mx\/informatica\/index.php?rest_route=\/wp\/v2\/media\/917"}],"wp:attachment":[{"href":"https:\/\/riograndezac.gob.mx\/informatica\/index.php?rest_route=%2Fwp%2Fv2%2Fmedia&parent=916"}],"wp:term":[{"taxonomy":"category","embeddable":true,"href":"https:\/\/riograndezac.gob.mx\/informatica\/index.php?rest_route=%2Fwp%2Fv2%2Fcategories&post=916"},{"taxonomy":"post_tag","embeddable":true,"href":"https:\/\/riograndezac.gob.mx\/informatica\/index.php?rest_route=%2Fwp%2Fv2%2Ftags&post=916"}],"curies":[{"name":"wp","href":"https:\/\/api.w.org\/{rel}","templated":true}]}}