{"id":926,"date":"2015-07-24T19:36:28","date_gmt":"2015-07-24T19:36:28","guid":{"rendered":"http:\/\/riograndezac.gob.mx\/informatica\/?p=926"},"modified":"2015-07-24T19:36:28","modified_gmt":"2015-07-24T19:36:28","slug":"reciclon","status":"publish","type":"post","link":"https:\/\/riograndezac.gob.mx\/informatica\/?p=926","title":{"rendered":"Reciclon"},"content":{"rendered":"<p><img loading=\"lazy\" decoding=\"async\" id=\"__wp-temp-img-id\" class=\" aligncenter\" src=\"https:\/\/riograndezac.gob.mx\/informatica\/wp-content\/uploads\/2015\/07\/RECICLON.jpg\" alt=\"\" width=\"600\" height=\"318\" \/><\/p>\n<p>&nbsp;<\/p>\n<p>El gobierno de R\u00edo Grande, encabezado por Constantino Casta\u00f1eda Mu\u00f1oz a trav\u00e9s del Instituto Municipal de Ecolog\u00eda y Medio Ambiente de R\u00edo Grande, iniciaron una campa\u00f1a para reciclar aparatos electr\u00f3nicos, con el objetivo de contribuir al cuidado ambiental.<\/p>\n<p>&nbsp;<\/p>\n<p>\u201cDado que la tecnolog\u00eda d\u00eda a d\u00eda avanza considerablemente, nos encontramos con aparatos que los dejamos en casa porque ya no los ocupamos y no nos sirven, los beneficios de esta campa\u00f1a son despejar espacios ocupados por equipo obsoleto o en desuso, los equipos electr\u00f3nicos generalmente son grandes y al descartarlos se van acumulando r\u00e1pidamente, estos empiezan a ocupar espacios o bodegas donde se vuelve un estorbo\u201d, inform\u00f3 Ra\u00fal Monreal, titular del IMEMARG.<\/p>\n<p>&nbsp;<\/p>\n<p>\u201cEs por eso que en coordinaci\u00f3n con la Secretaria de Agua y Medio Ambiente del estado de Zacatecas, ser\u00e1 hasta el pr\u00f3ximo 15 de agosto la fecha para recibir todo tipo de desechos electr\u00f3nicos, el m\u00f3dulo est\u00e1 ubicado a un costado del auditorio municipal a partir de las 8:30 de la ma\u00f1ana a las 3:30 de la tarde, es as\u00ed como seguimos las indicaciones del presidente Constantino Casta\u00f1eda Mu\u00f1oz, invitar a la poblaci\u00f3n a que traigan los aparatos que resultan ser obsoletos y que no les dan uso\u201d, a\u00f1adi\u00f3.<\/p>\n<p>&nbsp;<\/p>\n<p>Explico que \u201cpor otra parte nos encontramos en que este tipo de deshechos van a la categor\u00eda de basura inorg\u00e1nica, lo que implica que es muy dif\u00edcil su descomposici\u00f3n, esto viene a generar m\u00e1s problemas en el ambiente al no contar con servicios de recolecci\u00f3n especializada, los equipos pueden ser recogidos por los camiones de basura que los mezclaran con la basura \u2018\u2019normal\u2019\u2019 y as\u00ed terminaran por contaminar el entorno en donde sean desechados, esa es la parte que queremos combatir\u201d.<\/p>\n<p>&nbsp;<\/p>\n<p>Extern\u00f3 que \u201clos aparatos electr\u00f3nicos son cada vez m\u00e1s numerosos en nuestras vidas: grandes y peque\u00f1os electrodom\u00e9sticos, equipos de inform\u00e1tica y telecomunicaciones, aparatos electr\u00f3nicos de consumo, de alumbrado, herramientas el\u00e9ctricas o electr\u00f3nicas, juguetes y equipos deportivos o de tiempo libre, equipos m\u00e9dicos, instrumentos de vigilancia, por mencionar algo los equipos electr\u00f3nicos tambi\u00e9n contienen muchas sustancias peligrosas, por ejemplo, un monitor de computador antiguo contiene gran cantidad de plomo en su tubo de rayos cat\u00f3dicos (TRC), una pila de mercurio puede contaminar 600 mil litros de agua o la quema de pl\u00e1sticos o cables de PVC generan dioxinas y furanos elementos altamente da\u00f1inos para el ser humano\u201d.<\/p>\n<p>&nbsp;<\/p>\n<p>Finaliz\u00f3 se\u00f1alando que se puede recibir mayor informaci\u00f3n en las oficinas del Instituto en el segundo piso de la alcald\u00eda, en horario de oficina.<\/p>\n<p>&nbsp;<\/p>\n","protected":false},"excerpt":{"rendered":"<p>Explico que \u201cpor otra parte nos encontramos en que este tipo de deshechos van a la categor\u00eda de basura inorg\u00e1nica, lo que implica que es muy dif\u00edcil su descomposici\u00f3n, esto viene a generar m\u00e1s problemas en el ambiente<\/p>\n","protected":false},"author":1,"featured_media":927,"comment_status":"closed","ping_status":"closed","sticky":false,"template":"","format":"standard","meta":{"_monsterinsights_skip_tracking":false,"_monsterinsights_sitenote_active":false,"_monsterinsights_sitenote_note":"","_monsterinsights_sitenote_category":0,"footnotes":""},"categories":[4],"tags":[12],"class_list":["post-926","post","type-post","status-publish","format-standard","has-post-thumbnail","hentry","category-boletines","tag-comunicacion-social"],"jetpack_featured_media_url":"https:\/\/riograndezac.gob.mx\/informatica\/wp-content\/uploads\/2015\/07\/RECICLON.jpg","_links":{"self":[{"href":"https:\/\/riograndezac.gob.mx\/informatica\/index.php?rest_route=\/wp\/v2\/posts\/926","targetHints":{"allow":["GET"]}}],"collection":[{"href":"https:\/\/riograndezac.gob.mx\/informatica\/index.php?rest_route=\/wp\/v2\/posts"}],"about":[{"href":"https:\/\/riograndezac.gob.mx\/informatica\/index.php?rest_route=\/wp\/v2\/types\/post"}],"author":[{"embeddable":true,"href":"https:\/\/riograndezac.gob.mx\/informatica\/index.php?rest_route=\/wp\/v2\/users\/1"}],"replies":[{"embeddable":true,"href":"https:\/\/riograndezac.gob.mx\/informatica\/index.php?rest_route=%2Fwp%2Fv2%2Fcomments&post=926"}],"version-history":[{"count":1,"href":"https:\/\/riograndezac.gob.mx\/informatica\/index.php?rest_route=\/wp\/v2\/posts\/926\/revisions"}],"predecessor-version":[{"id":928,"href":"https:\/\/riograndezac.gob.mx\/informatica\/index.php?rest_route=\/wp\/v2\/posts\/926\/revisions\/928"}],"wp:featuredmedia":[{"embeddable":true,"href":"https:\/\/riograndezac.gob.mx\/informatica\/index.php?rest_route=\/wp\/v2\/media\/927"}],"wp:attachment":[{"href":"https:\/\/riograndezac.gob.mx\/informatica\/index.php?rest_route=%2Fwp%2Fv2%2Fmedia&parent=926"}],"wp:term":[{"taxonomy":"category","embeddable":true,"href":"https:\/\/riograndezac.gob.mx\/informatica\/index.php?rest_route=%2Fwp%2Fv2%2Fcategories&post=926"},{"taxonomy":"post_tag","embeddable":true,"href":"https:\/\/riograndezac.gob.mx\/informatica\/index.php?rest_route=%2Fwp%2Fv2%2Ftags&post=926"}],"curies":[{"name":"wp","href":"https:\/\/api.w.org\/{rel}","templated":true}]}}