{"id":932,"date":"2015-07-26T16:05:05","date_gmt":"2015-07-26T16:05:05","guid":{"rendered":"http:\/\/riograndezac.gob.mx\/informatica\/?p=932"},"modified":"2015-07-26T16:05:05","modified_gmt":"2015-07-26T16:05:05","slug":"se-llevara-a-cabo-el-concurso-de-danzas-en-la-plaza-principal-a-partir-de-las-10-de-la-manana","status":"publish","type":"post","link":"https:\/\/riograndezac.gob.mx\/informatica\/?p=932","title":{"rendered":"Se llevar\u00e1 a cabo el concurso de Danzas en la plaza principal a partir de las 10 de la ma\u00f1ana."},"content":{"rendered":"<p><img loading=\"lazy\" decoding=\"async\" id=\"__wp-temp-img-id\" class=\" aligncenter\" title=\"\" src=\"https:\/\/riograndezac.gob.mx\/informatica\/wp-content\/uploads\/2015\/07\/Danzas-2.jpg\" alt=\"\" width=\"600\" height=\"401\" \/><\/p>\n<p>&nbsp;<\/p>\n<p>Este domingo 26 de julio, en el marco del homenaje que organiza el Gobierno Municipal de R\u00edo Grande, encabezado por Constantino Casta\u00f1eda Mu\u00f1oz, al \u00edcono de la cultura \u201cIsidro M\u00e9ndez Lira\u201d, con la Jornada del 28 de junio al 23 de agosto, se llevar\u00e1 a cabo el concurso de Danzas en la plaza principal a partir de las 10 de la ma\u00f1ana.<\/p>\n<p>&nbsp;<\/p>\n<p>Por parte del Instituto Municipal de Cultura, se record\u00f3 que la convocatoria para el concurso de danzas aut\u00f3ctonas que se llevar\u00e1 a cabo el pr\u00f3ximo 26 de agosto, con motivo de los 454 a\u00f1os de fundaci\u00f3n de \u201cSanta Elena del R\u00edo Grande\u201d, con una bolsa econ\u00f3mica a entregar de 6 mil pesos para los primeros tres lugares.<\/p>\n<p>&nbsp;<\/p>\n<p>Santa Sabina Esquivel Gonz\u00e1lez, titular de la dependencia municipal, indic\u00f3 que \u201cdentro del marco de respeto que existe con las distintas creencias religiosas de la poblaci\u00f3n, no podemos dejar de lado tanto el tema del rescate y conservaci\u00f3n de la cultura y tradiciones de la ciudadan\u00eda, y por supuesto el aniversario de fundaci\u00f3n de nuestro R\u00edo Grande\u201d.<\/p>\n<p>&nbsp;<\/p>\n<p>En este sentido, destac\u00f3 que la premiaci\u00f3n es de 3 mil pesos para el primer lugar, 2 mil para el segundo y mil pesos para el tercero, adem\u00e1s de que todas se llevar\u00e1n un diploma del lugar que hayan obtenido, as\u00ed como un reconocimiento para cada danza participante.<\/p>\n<p>&nbsp;<\/p>\n<p>El concurso de danzas se llevar\u00e1 acabo el domingo 26 de julio en la Plaza Principal punto de las 10 de la ma\u00f1ana, en donde la presentaci\u00f3n ser\u00e1 por sorteo previo con la presencia de cada uno de los representantes de las danzas.<\/p>\n<p>&nbsp;<\/p>\n<p>Record\u00f3 que la inscripci\u00f3n, fue totalmente gratuita, adem\u00e1s de que Los aspectos a calificar por el jurado calificador ser\u00e1n la imagen de la danza, as\u00ed como el atuendo acorde al tipo de danza a presentar, destacando adem\u00e1s que los jurados ser\u00e1n personajes reconocidos tanto en la historia como en el arte de la danza, por lo que el juicio de \u00e9stos, ser\u00e1 inapelable, por lo que los puntos no previsto en la convocatoria, ser\u00e1n resueltos por ellos mismos.<\/p>\n<p>&nbsp;<\/p>\n<p>Finaliz\u00f3 exhortando a la poblaci\u00f3n para que asista y disfrute de este evento que promueve la cultura y la convivencia familiar.<\/p>\n","protected":false},"excerpt":{"rendered":"<p>El concurso de danzas se llevar\u00e1 acabo el domingo 26 de julio en la Plaza Principal punto de las 10 de la ma\u00f1ana, en donde la presentaci\u00f3n ser\u00e1 por sorteo previo con la presencia de cada uno de los representantes de las danzas.<\/p>\n","protected":false},"author":1,"featured_media":933,"comment_status":"closed","ping_status":"closed","sticky":false,"template":"","format":"standard","meta":{"_monsterinsights_skip_tracking":false,"_monsterinsights_sitenote_active":false,"_monsterinsights_sitenote_note":"","_monsterinsights_sitenote_category":0,"footnotes":""},"categories":[4],"tags":[12],"class_list":["post-932","post","type-post","status-publish","format-standard","has-post-thumbnail","hentry","category-boletines","tag-comunicacion-social"],"jetpack_featured_media_url":"https:\/\/riograndezac.gob.mx\/informatica\/wp-content\/uploads\/2015\/07\/Danzas-2.jpg","_links":{"self":[{"href":"https:\/\/riograndezac.gob.mx\/informatica\/index.php?rest_route=\/wp\/v2\/posts\/932","targetHints":{"allow":["GET"]}}],"collection":[{"href":"https:\/\/riograndezac.gob.mx\/informatica\/index.php?rest_route=\/wp\/v2\/posts"}],"about":[{"href":"https:\/\/riograndezac.gob.mx\/informatica\/index.php?rest_route=\/wp\/v2\/types\/post"}],"author":[{"embeddable":true,"href":"https:\/\/riograndezac.gob.mx\/informatica\/index.php?rest_route=\/wp\/v2\/users\/1"}],"replies":[{"embeddable":true,"href":"https:\/\/riograndezac.gob.mx\/informatica\/index.php?rest_route=%2Fwp%2Fv2%2Fcomments&post=932"}],"version-history":[{"count":1,"href":"https:\/\/riograndezac.gob.mx\/informatica\/index.php?rest_route=\/wp\/v2\/posts\/932\/revisions"}],"predecessor-version":[{"id":934,"href":"https:\/\/riograndezac.gob.mx\/informatica\/index.php?rest_route=\/wp\/v2\/posts\/932\/revisions\/934"}],"wp:featuredmedia":[{"embeddable":true,"href":"https:\/\/riograndezac.gob.mx\/informatica\/index.php?rest_route=\/wp\/v2\/media\/933"}],"wp:attachment":[{"href":"https:\/\/riograndezac.gob.mx\/informatica\/index.php?rest_route=%2Fwp%2Fv2%2Fmedia&parent=932"}],"wp:term":[{"taxonomy":"category","embeddable":true,"href":"https:\/\/riograndezac.gob.mx\/informatica\/index.php?rest_route=%2Fwp%2Fv2%2Fcategories&post=932"},{"taxonomy":"post_tag","embeddable":true,"href":"https:\/\/riograndezac.gob.mx\/informatica\/index.php?rest_route=%2Fwp%2Fv2%2Ftags&post=932"}],"curies":[{"name":"wp","href":"https:\/\/api.w.org\/{rel}","templated":true}]}}