{"id":938,"date":"2015-07-26T16:12:24","date_gmt":"2015-07-26T16:12:24","guid":{"rendered":"http:\/\/riograndezac.gob.mx\/informatica\/?p=938"},"modified":"2015-07-26T16:12:24","modified_gmt":"2015-07-26T16:12:24","slug":"procultura","status":"publish","type":"post","link":"https:\/\/riograndezac.gob.mx\/informatica\/?p=938","title":{"rendered":"Procultura"},"content":{"rendered":"<p><img loading=\"lazy\" decoding=\"async\" id=\"__wp-temp-img-id\" class=\" aligncenter\" title=\"\" src=\"https:\/\/riograndezac.gob.mx\/informatica\/wp-content\/uploads\/2015\/07\/Procultura.png\" alt=\"\" width=\"600\" height=\"354\" \/><\/p>\n<p>&nbsp;<\/p>\n<p>El gobierno municipal encabezado por Constantino Casta\u00f1eda Mu\u00f1oz reconoce la noble labor de rescatar los valores culturales del grupo Pro-Cultura de Rio Grande que en esta ocasi\u00f3n celebran su noveno aniversario con una velada literaria musical en la plaza principal este domingo a las 8 de la noche.<\/p>\n<p>&nbsp;<\/p>\n<p>\u201cSon ya 9 a\u00f1os en los que d\u00eda a d\u00eda salimos con el compromiso de rescatar los valores personales y de las familias, cada \u00faltimo viernes de mes realizamos actividades con las que buscamos sea difundida la cultura en sus diferentes ramas art\u00edsticas, musicales, declamaciones, bailes modernos y folcl\u00f3ricos, grupos de danza, incluso nos hemos dado a la tarea de reconocer a las personas que han dejado un legado en nuestro municipio\u201d, enfatiz\u00f3 Concepci\u00f3n Esquivel, presidenta del grupo.<\/p>\n<p>&nbsp;<\/p>\n<p>\u201cAhora con motivo de nuestros primeros 9 a\u00f1os queremos invitar a la ciudadan\u00eda para este pr\u00f3ximo domingo en punto de las 8 de la noche en la plaza principal, nos acompa\u00f1e, pues tendremos la participaci\u00f3n de la diversidad de g\u00e9neros art\u00edsticos, estar\u00e1 el grupo Kaoba, la presentaci\u00f3n de un ballet, la peque\u00f1a Melany Salgado, declamaci\u00f3n a cargo de Casandra Pi\u00f1\u00f3n, el grupo de trovadores, por primera vez contaremos con el grupo de baile moderno Shock Dance que nos sorprender\u00e1n con la rapidez de sus movimientos coordinados que es lo que los caracteriza, la participaci\u00f3n con el toque de romanticismo de la maestra Mar\u00eda Luisa, y la presentaci\u00f3n de baile urbano de los j\u00f3venes Damara y Daniel\u201d, acot\u00f3.<\/p>\n<p>&nbsp;<\/p>\n<p>\u201cComo ya es costumbre, generalmente nos reunimos el \u00faltimo viernes de cada mes, en esta ocasi\u00f3n estamos de manteles largos, pues es un orgullo y un sue\u00f1o hecho realidad, de antemano queremos agradecer a las autoridades en turno por su buena disposici\u00f3n al empatar con nosotros el inter\u00e9s de fomentar los valores y la cultura en nuestra sociedad, nos consideramos un grupo ajeno a colores partidistas pero no ajenos a la inquietud de la ciudadan\u00eda, es por ello que realizamos estas actividades\u201d, expuso.<\/p>\n<p>&nbsp;<\/p>\n<p>\u201cAqu\u00ed tienen espacio nuestros artistas, pintores, m\u00fasicos, nuestros poetas, maestros de ballet, todo lo que tenga que ver con la cultura y las artes, al igual que simb\u00f3licamente reconocemos a personajes que han dejado huella en la historia de nuestro municipio, afortunadamente tenemos la oportunidad de reconocerles en vida, algunos ya se nos adelantaron pero aun as\u00ed los recordamos con cari\u00f1o, reconocemos a grupos comprometidos con la sociedad, somos un grupo abierto y comprometidos a recuperar los valores en la sociedad\u201d, a\u00f1adi\u00f3.<\/p>\n<p>&nbsp;<\/p>\n<p>\u201cLas actividades que realizamos son para el p\u00fablico en general, nos da mucho gusto ver que en nuestros eventos nos acompa\u00f1an familias, los padres que acompa\u00f1an a sus hijos, adem\u00e1s agradecer al equipo que conforma el grupo como lo es Mar\u00eda Luisa Somoza, Irma Castillo Rivas, Gris Ruiz de Noyola, Ferm\u00edn de la Rosa, Francisco Javier G\u00f3mez de la Fuente, Martin Ruiz Reyes, Eusebio de la Rosa, todos somos precursores de fomentar la cultura\u201d, finaliz\u00f3.<\/p>\n","protected":false},"excerpt":{"rendered":"<p>Aqu\u00ed tienen espacio nuestros artistas, pintores, m\u00fasicos, nuestros poetas, maestros de ballet, todo lo que tenga que ver con la cultura y las artes<\/p>\n","protected":false},"author":1,"featured_media":939,"comment_status":"closed","ping_status":"closed","sticky":false,"template":"","format":"standard","meta":{"_monsterinsights_skip_tracking":false,"_monsterinsights_sitenote_active":false,"_monsterinsights_sitenote_note":"","_monsterinsights_sitenote_category":0,"footnotes":""},"categories":[5],"tags":[12,18],"class_list":["post-938","post","type-post","status-publish","format-standard","has-post-thumbnail","hentry","category-destacados","tag-comunicacion-social","tag-gobierno-municipal-rio-grande"],"jetpack_featured_media_url":"https:\/\/riograndezac.gob.mx\/informatica\/wp-content\/uploads\/2015\/07\/Procultura.png","_links":{"self":[{"href":"https:\/\/riograndezac.gob.mx\/informatica\/index.php?rest_route=\/wp\/v2\/posts\/938","targetHints":{"allow":["GET"]}}],"collection":[{"href":"https:\/\/riograndezac.gob.mx\/informatica\/index.php?rest_route=\/wp\/v2\/posts"}],"about":[{"href":"https:\/\/riograndezac.gob.mx\/informatica\/index.php?rest_route=\/wp\/v2\/types\/post"}],"author":[{"embeddable":true,"href":"https:\/\/riograndezac.gob.mx\/informatica\/index.php?rest_route=\/wp\/v2\/users\/1"}],"replies":[{"embeddable":true,"href":"https:\/\/riograndezac.gob.mx\/informatica\/index.php?rest_route=%2Fwp%2Fv2%2Fcomments&post=938"}],"version-history":[{"count":1,"href":"https:\/\/riograndezac.gob.mx\/informatica\/index.php?rest_route=\/wp\/v2\/posts\/938\/revisions"}],"predecessor-version":[{"id":940,"href":"https:\/\/riograndezac.gob.mx\/informatica\/index.php?rest_route=\/wp\/v2\/posts\/938\/revisions\/940"}],"wp:featuredmedia":[{"embeddable":true,"href":"https:\/\/riograndezac.gob.mx\/informatica\/index.php?rest_route=\/wp\/v2\/media\/939"}],"wp:attachment":[{"href":"https:\/\/riograndezac.gob.mx\/informatica\/index.php?rest_route=%2Fwp%2Fv2%2Fmedia&parent=938"}],"wp:term":[{"taxonomy":"category","embeddable":true,"href":"https:\/\/riograndezac.gob.mx\/informatica\/index.php?rest_route=%2Fwp%2Fv2%2Fcategories&post=938"},{"taxonomy":"post_tag","embeddable":true,"href":"https:\/\/riograndezac.gob.mx\/informatica\/index.php?rest_route=%2Fwp%2Fv2%2Ftags&post=938"}],"curies":[{"name":"wp","href":"https:\/\/api.w.org\/{rel}","templated":true}]}}