{"id":976,"date":"2015-07-28T17:14:30","date_gmt":"2015-07-28T17:14:30","guid":{"rendered":"http:\/\/riograndezac.gob.mx\/informatica\/?p=976"},"modified":"2015-07-28T17:14:30","modified_gmt":"2015-07-28T17:14:30","slug":"reitera-invitacion-el-gobierno-municipal-encabezado-por-constantino-castaneda-munoz-a-toda-la-ciudadania-para-que-asista-este-sabado-primero-de-agosto-a-la-plaza-principal","status":"publish","type":"post","link":"https:\/\/riograndezac.gob.mx\/informatica\/?p=976","title":{"rendered":"Reitera invitaci\u00f3n el Gobierno Municipal encabezado por Constantino Casta\u00f1eda Mu\u00f1oz, a toda la ciudadan\u00eda para que asista este s\u00e1bado primero de agosto a la plaza principal"},"content":{"rendered":"<p><img loading=\"lazy\" decoding=\"async\" id=\"__wp-temp-img-id\" class=\" aligncenter\" title=\"\" src=\"https:\/\/riograndezac.gob.mx\/informatica\/wp-content\/uploads\/2015\/07\/folclor-fest-fb.png\" alt=\"\" width=\"700\" height=\"259\" \/><\/p>\n<p>Reitera invitaci\u00f3n el Gobierno Municipal encabezado por Constantino Casta\u00f1eda Mu\u00f1oz, a toda la ciudadan\u00eda para que asista este s\u00e1bado primero de agosto a la plaza principal, en donde se recibir\u00e1 a las delegaciones internacionales de India y Bolivia, en el marco del Festival del Flolclor \u201cGustavo Vaquera\u201d.<\/p>\n<p>&nbsp;<\/p>\n<p>El primer mandatario riograndense, indic\u00f3 que el evento se realiza a trav\u00e9s del Instituto Municipal de Cultura de R\u00edo Grande, por lo que \u201ccon esta actividad, nuestra gente y nuestro municipio, se llenar\u00e1 de luz, color, sonido y m\u00fasica, gracias a la gesti\u00f3n que realizamos y a la disposici\u00f3n de la Secretar\u00eda de Educaci\u00f3n de Zacatecas (SEDUZAC) a carago de Marco Vinicio Flores\u201d.<\/p>\n<p>&nbsp;<\/p>\n<p>As\u00ed mismo, record\u00f3 que \u201cla SEDUZAC, a trav\u00e9s Baudelio Guerrero Briano, coordinador general del Festival Internacional del Folclor, nos confirm\u00f3 la participaci\u00f3n India y Bolivia, dos importantes delegaciones que participan en la Vig\u00e9sima\u00a0 edici\u00f3n del Festival del Folclor \u201cGustavo Vaquera\u201d, por lo que es una oportunidad para que se contin\u00fae generando un ambiente de convivencia familiar\u201d.<\/p>\n<p>&nbsp;<\/p>\n<p>Casta\u00f1eda Mu\u00f1oz, a\u00f1adi\u00f3 que \u201ceste gran festival se realizaba en el gimnasio municipal, pero por respeto al sector deportivo, utilizaremos el escenario natural de la plaza principal, as\u00ed como de la calle Constituci\u00f3n, por lo que se tendr\u00e1 el apoyo de la delegaci\u00f3n de tr\u00e1nsito, seguridad p\u00fablica y protecci\u00f3n civil\u201d.<\/p>\n<p>&nbsp;<\/p>\n<p>Enfatiz\u00f3 que \u201che pedido al Instituto de Cultura que estemos pendientes de esta actividad, para que al mismo tiempo, las delegaciones que nos visiten, se lleven una buena impresi\u00f3n de la ciudadan\u00eda riograndense\u201d.<\/p>\n<p>&nbsp;<\/p>\n<p>Detall\u00f3 que \u201cojal\u00e1 que por comunidades se puedan organizar y se trasladen a pesar de no ubicarse cerca de la cabecera municipal, puesto que son eventos de gran trascendencia y con lo que fomentamos nuestro acervo cultural\u201d.<\/p>\n<p>&nbsp;<\/p>\n<p>Agreg\u00f3 que, como anfitriones para este evento, estar\u00e1 la Danza del Tepeyac y\u00a0 la Danza del Sagrado Coraz\u00f3n de Buenos Aires, a cargo de Cesario Casta\u00f1eda Terrones, por lo que ser\u00e1 una actividad emotiva, en donde se espera la participaci\u00f3n de cientos de familias riograndenses, reiterando la invitaci\u00f3n para el s\u00e1bado primero de agosto en punto de las 6 de la tarde en la Plaza Principal.<\/p>\n","protected":false},"excerpt":{"rendered":"<p>Casta\u00f1eda Mu\u00f1oz, a\u00f1adi\u00f3 que \u201ceste gran festival se realizaba en el gimnasio municipal, pero por respeto al sector deportivo, utilizaremos el escenario natural de la plaza principal, as\u00ed como de la calle Constituci\u00f3n<\/p>\n","protected":false},"author":1,"featured_media":850,"comment_status":"closed","ping_status":"closed","sticky":false,"template":"","format":"standard","meta":{"_monsterinsights_skip_tracking":false,"_monsterinsights_sitenote_active":false,"_monsterinsights_sitenote_note":"","_monsterinsights_sitenote_category":0,"footnotes":""},"categories":[4],"tags":[12],"class_list":["post-976","post","type-post","status-publish","format-standard","has-post-thumbnail","hentry","category-boletines","tag-comunicacion-social"],"jetpack_featured_media_url":"https:\/\/riograndezac.gob.mx\/informatica\/wp-content\/uploads\/2015\/07\/folclor-fest-fb.png","_links":{"self":[{"href":"https:\/\/riograndezac.gob.mx\/informatica\/index.php?rest_route=\/wp\/v2\/posts\/976","targetHints":{"allow":["GET"]}}],"collection":[{"href":"https:\/\/riograndezac.gob.mx\/informatica\/index.php?rest_route=\/wp\/v2\/posts"}],"about":[{"href":"https:\/\/riograndezac.gob.mx\/informatica\/index.php?rest_route=\/wp\/v2\/types\/post"}],"author":[{"embeddable":true,"href":"https:\/\/riograndezac.gob.mx\/informatica\/index.php?rest_route=\/wp\/v2\/users\/1"}],"replies":[{"embeddable":true,"href":"https:\/\/riograndezac.gob.mx\/informatica\/index.php?rest_route=%2Fwp%2Fv2%2Fcomments&post=976"}],"version-history":[{"count":1,"href":"https:\/\/riograndezac.gob.mx\/informatica\/index.php?rest_route=\/wp\/v2\/posts\/976\/revisions"}],"predecessor-version":[{"id":977,"href":"https:\/\/riograndezac.gob.mx\/informatica\/index.php?rest_route=\/wp\/v2\/posts\/976\/revisions\/977"}],"wp:featuredmedia":[{"embeddable":true,"href":"https:\/\/riograndezac.gob.mx\/informatica\/index.php?rest_route=\/wp\/v2\/media\/850"}],"wp:attachment":[{"href":"https:\/\/riograndezac.gob.mx\/informatica\/index.php?rest_route=%2Fwp%2Fv2%2Fmedia&parent=976"}],"wp:term":[{"taxonomy":"category","embeddable":true,"href":"https:\/\/riograndezac.gob.mx\/informatica\/index.php?rest_route=%2Fwp%2Fv2%2Fcategories&post=976"},{"taxonomy":"post_tag","embeddable":true,"href":"https:\/\/riograndezac.gob.mx\/informatica\/index.php?rest_route=%2Fwp%2Fv2%2Ftags&post=976"}],"curies":[{"name":"wp","href":"https:\/\/api.w.org\/{rel}","templated":true}]}}