{"id":978,"date":"2015-07-28T17:17:47","date_gmt":"2015-07-28T17:17:47","guid":{"rendered":"http:\/\/riograndezac.gob.mx\/informatica\/?p=978"},"modified":"2015-08-10T18:55:48","modified_gmt":"2015-08-10T18:55:48","slug":"disfrutan-mas-de-200-riograndenses-el-jueves-del-ciclo-de-cine-infantil-en-el-marco-de-la-jornada-cultural-isidro-mendez-lira","status":"publish","type":"post","link":"https:\/\/riograndezac.gob.mx\/informatica\/?p=978","title":{"rendered":"Disfrutan m\u00e1s de 200 riograndenses el jueves del ciclo de cine Infantil en el marco de la Jornada Cultural \u201cIsidro M\u00e9ndez Lira\u201d"},"content":{"rendered":"<p><img loading=\"lazy\" decoding=\"async\" id=\"__wp-temp-img-id\" class=\" aligncenter\" title=\"\" src=\"https:\/\/riograndezac.gob.mx\/informatica\/wp-content\/uploads\/2015\/07\/Cine-3.png\" alt=\"\" width=\"700\" height=\"359\" \/><\/p>\n<p>&nbsp;<\/p>\n<p>Disfrutan m\u00e1s de 200 riograndenses el jueves del ciclo de cine Infantil en el marco de la Jornada Cultural \u201cIsidro M\u00e9ndez Lira\u201d, organizada por el Gobierno Municipal de R\u00edo Grande encabezado por el primer mandatario Constantino Casta\u00f1eda Mu\u00f1oz, a trav\u00e9s del Instituto Municipal de Cultura, con la presentaci\u00f3n de la pel\u00edcula infantil \u201c6 grandes h\u00e9roes\u201d, y se organizan dos proyecciones a para este mi\u00e9rcoles y jueves.<\/p>\n<p>&nbsp;<\/p>\n<p>Una rica tarde con la transmisi\u00f3n de la pel\u00edcula, palomitas y agua fresca se llev\u00f3 a cabo en punto de las 7:00 de la tarde, en la Casa de la Cultura \u201cLuis Cerrillo C\u00e1zares\u201d, en donde estuvo Micaela Lira y Mercedes M\u00e9ndez, mam\u00e1 y hermana del hoy extinto Isidro M\u00e9ndez Lira, quienes al igual disfrutaron de esta emotiva tarde.<\/p>\n<p>&nbsp;<\/p>\n<p>Es necesario resaltar la presencia de familias completas, puesto que aprovechan que es un evento totalmente gratuito, con el objetivo de generar un ambiente de sana convivencia en el marco de la temporada vacacional de este verano.<\/p>\n<p>&nbsp;<\/p>\n<p>Esta pel\u00edcula infantil con un gran mensaje del valor de la amistad, gira entorno a Hiro Hamada, que es un chico adolescente que lo est\u00e1 pasando muy mal debido a la muerte de su hermano. Por eso, empieza a pensar c\u00f3mo puede sustituirlo y encuentra la respuesta en la rob\u00f3tica.<br \/>\nLas y los asistentes, estuvieron atentos a como \u201cHiro\u201d crea un robot llamado Baymax, con el cual quiere sustituir a su hermano muerto, lo cual es imposible; sin embargo, en lo que s\u00ed le puede ayudar Baymax es en la investigaci\u00f3n de la muerte de su hermano, que fue asesinado justo cuando iba a descubrir una red criminal.<br \/>\nPara encontrar al asesino de su hermano, que se llama Yokai y es un villano enmascarado, Hiro crea un grupo de superh\u00e9roes de seis integrantes, y de ah\u00ed el nombre de la pel\u00edcula. En este grupo est\u00e1 \u00e9l y tambi\u00e9n est\u00e1 Baymax. Con este grupo espera dar con Yokai y darle su merecido por asesinar a su hermano, aunque el villano no se quedar\u00e1 mirando para ver como lo detienen, como es natural.<\/p>\n<p>&nbsp;<\/p>\n<p>Con gran emoci\u00f3n concluy\u00f3 esta pel\u00edcula, por lo que se extendi\u00f3 la invitaci\u00f3n para que asistan el pr\u00f3ximo mi\u00e9rcoles, por \u00fanica ocasi\u00f3n a la casa de la Cultura, en donde se llevar\u00e1 a cabo la proyecci\u00f3n semanal.<\/p>\n<p>&nbsp;<\/p>\n<p>Se inform\u00f3 que, esta actividad, estar\u00e1 a cargo del Centro de Desarrollo Comunitario CDC, en coordinaci\u00f3n con la Secretar\u00eda de Desarrollo Territorial y Urbano, (SEDATU) en el marco del programa de rescate a espacios p\u00fablicos, quienes organizan dos funciones de cine, una el mi\u00e9rcoles en la casa de la cultura a las 6 de la tarde, con la pel\u00edcula de \u201cR\u00edo\u201d y el jueves a las 8 de la noche en la plaza c\u00edvica con \u201cToy Story 3\u201d.<\/p>\n","protected":false},"excerpt":{"rendered":"<p>Con gran emoci\u00f3n concluy\u00f3 esta pel\u00edcula, por lo que se extendi\u00f3 la invitaci\u00f3n para que asistan el pr\u00f3ximo mi\u00e9rcoles, por \u00fanica ocasi\u00f3n a la casa de la Cultura, en donde se llevar\u00e1 a cabo la proyecci\u00f3n semanal.<\/p>\n","protected":false},"author":1,"featured_media":979,"comment_status":"closed","ping_status":"closed","sticky":false,"template":"","format":"standard","meta":{"_monsterinsights_skip_tracking":false,"_monsterinsights_sitenote_active":false,"_monsterinsights_sitenote_note":"","_monsterinsights_sitenote_category":0,"footnotes":""},"categories":[5],"tags":[12],"class_list":["post-978","post","type-post","status-publish","format-standard","has-post-thumbnail","hentry","category-destacados","tag-comunicacion-social"],"jetpack_featured_media_url":"https:\/\/riograndezac.gob.mx\/informatica\/wp-content\/uploads\/2015\/07\/Cine-3.png","_links":{"self":[{"href":"https:\/\/riograndezac.gob.mx\/informatica\/index.php?rest_route=\/wp\/v2\/posts\/978","targetHints":{"allow":["GET"]}}],"collection":[{"href":"https:\/\/riograndezac.gob.mx\/informatica\/index.php?rest_route=\/wp\/v2\/posts"}],"about":[{"href":"https:\/\/riograndezac.gob.mx\/informatica\/index.php?rest_route=\/wp\/v2\/types\/post"}],"author":[{"embeddable":true,"href":"https:\/\/riograndezac.gob.mx\/informatica\/index.php?rest_route=\/wp\/v2\/users\/1"}],"replies":[{"embeddable":true,"href":"https:\/\/riograndezac.gob.mx\/informatica\/index.php?rest_route=%2Fwp%2Fv2%2Fcomments&post=978"}],"version-history":[{"count":1,"href":"https:\/\/riograndezac.gob.mx\/informatica\/index.php?rest_route=\/wp\/v2\/posts\/978\/revisions"}],"predecessor-version":[{"id":980,"href":"https:\/\/riograndezac.gob.mx\/informatica\/index.php?rest_route=\/wp\/v2\/posts\/978\/revisions\/980"}],"wp:featuredmedia":[{"embeddable":true,"href":"https:\/\/riograndezac.gob.mx\/informatica\/index.php?rest_route=\/wp\/v2\/media\/979"}],"wp:attachment":[{"href":"https:\/\/riograndezac.gob.mx\/informatica\/index.php?rest_route=%2Fwp%2Fv2%2Fmedia&parent=978"}],"wp:term":[{"taxonomy":"category","embeddable":true,"href":"https:\/\/riograndezac.gob.mx\/informatica\/index.php?rest_route=%2Fwp%2Fv2%2Fcategories&post=978"},{"taxonomy":"post_tag","embeddable":true,"href":"https:\/\/riograndezac.gob.mx\/informatica\/index.php?rest_route=%2Fwp%2Fv2%2Ftags&post=978"}],"curies":[{"name":"wp","href":"https:\/\/api.w.org\/{rel}","templated":true}]}}