{"id":981,"date":"2015-07-28T17:20:14","date_gmt":"2015-07-28T17:20:14","guid":{"rendered":"http:\/\/riograndezac.gob.mx\/informatica\/?p=981"},"modified":"2015-08-10T18:56:28","modified_gmt":"2015-08-10T18:56:28","slug":"comienza-la-rehabilitacion-de-la-plaza-constitucion-de-rio-grande-puesto-que-hacia-mas-de-15-anos-que-no-recibia-un-mantenimiento-en-la-infraestructura-asi-como-una-remodelacion","status":"publish","type":"post","link":"https:\/\/riograndezac.gob.mx\/informatica\/?p=981","title":{"rendered":"Comienza la rehabilitaci\u00f3n de la plaza Constituci\u00f3n de Rio Grande, puesto que hac\u00eda m\u00e1s de 15 a\u00f1os que no recib\u00eda un mantenimiento en la infraestructura as\u00ed como una remodelaci\u00f3n."},"content":{"rendered":"<p>&nbsp;<\/p>\n<p>&nbsp;<\/p>\n<p>&nbsp;<\/p>\n<p>&nbsp;<\/p>\n<p>&nbsp;<\/p>\n<p>Este a\u00f1o se hizo posible gracias a la participaci\u00f3n de la poblaci\u00f3n mediante las sugerencias que nos han hecho llegar, coment\u00f3 Constantino Casta\u00f1eda Mu\u00f1oz presidente municipal de Rio Grande.<\/p>\n<p>&nbsp;<\/p>\n<p>\u201cHemos girado las indicaciones pertinentes para la direcci\u00f3n de Obras y Servicios P\u00fablicos a cargo de Asiel Felipe Garc\u00eda Mares, para que realice las actividades correspondientes, derivado de esto en d\u00edas pasados se dio inicio con la remodelaci\u00f3n que b\u00e1sicamente consta en reparar y sustituir casi 180 metros cuadrados de concreto, espacios demolidos en el piso que presentaban ya grietas y rupturas\u201d, indic\u00f3.<\/p>\n<p>&nbsp;<\/p>\n<p>A\u00f1adi\u00f3 en este mismo sentido que \u201cse incluye tambi\u00e9n, la restauraci\u00f3n de las bancas met\u00e1licas, pues algunas presentaban desgaste, por lo que recibieron mantenimiento y pintura, las luminarias colocadas alrededor del jard\u00edn ser\u00e1n reemplazadas junto con toda la instalaci\u00f3n el\u00e9ctrica que consta de cableados y l\u00e1mparas, de igual manera se har\u00e1 lo correspondiente con los espacios donde la cantera se encontraba rota\u201d.<\/p>\n<p>&nbsp;<\/p>\n<p>\u201cEn el quiosco el mantenimiento ser\u00e1 b\u00e1sicamente una limpieza en los acabados de cantera, y la revisi\u00f3n de las instalaciones el\u00e9ctricas, el jard\u00edn en su totalidad quedara intacto, en las fuentes se har\u00e1n tambi\u00e9n peque\u00f1os detalles que sin duda vendr\u00e1n a refrescar la imagen de la plaza principal de los riograndenses\u201d, manifest\u00f3.<\/p>\n<p>&nbsp;<\/p>\n<p>\u201cEs por ello que hacemos el llamado a la ciudadan\u00eda para que tenga paciencia con estas obras, pues son con el firme prop\u00f3sito de hacer del primer cuadro de la ciudad un espacio placentero y digno de la gente de R\u00edo Grande, pues desde hace 15 a\u00f1os este espacio no recib\u00eda un mantenimiento integral, as\u00ed que pues queremos invitar a la ciudadan\u00eda a que nos ayuden a cuidar y conservar estos espacios que han visto pasar a cientos de generaciones\u201d, finaliz\u00f3.<\/p>\n<p>&nbsp;<\/p>\n","protected":false},"excerpt":{"rendered":"<p>En el quiosco el mantenimiento ser\u00e1 b\u00e1sicamente una limpieza en los acabados de cantera, y la revisi\u00f3n de las instalaciones el\u00e9ctricas, el jard\u00edn en su totalidad quedara intacto &#8230;<\/p>\n","protected":false},"author":1,"featured_media":982,"comment_status":"closed","ping_status":"closed","sticky":false,"template":"","format":"standard","meta":{"_monsterinsights_skip_tracking":false,"_monsterinsights_sitenote_active":false,"_monsterinsights_sitenote_note":"","_monsterinsights_sitenote_category":0,"footnotes":""},"categories":[8],"tags":[12,18],"class_list":["post-981","post","type-post","status-publish","format-standard","has-post-thumbnail","hentry","category-gobierno-municipal-rio-grande-zacatecas","tag-comunicacion-social","tag-gobierno-municipal-rio-grande"],"jetpack_featured_media_url":"https:\/\/riograndezac.gob.mx\/informatica\/wp-content\/uploads\/2015\/07\/PLAZA-6.jpg","_links":{"self":[{"href":"https:\/\/riograndezac.gob.mx\/informatica\/index.php?rest_route=\/wp\/v2\/posts\/981","targetHints":{"allow":["GET"]}}],"collection":[{"href":"https:\/\/riograndezac.gob.mx\/informatica\/index.php?rest_route=\/wp\/v2\/posts"}],"about":[{"href":"https:\/\/riograndezac.gob.mx\/informatica\/index.php?rest_route=\/wp\/v2\/types\/post"}],"author":[{"embeddable":true,"href":"https:\/\/riograndezac.gob.mx\/informatica\/index.php?rest_route=\/wp\/v2\/users\/1"}],"replies":[{"embeddable":true,"href":"https:\/\/riograndezac.gob.mx\/informatica\/index.php?rest_route=%2Fwp%2Fv2%2Fcomments&post=981"}],"version-history":[{"count":1,"href":"https:\/\/riograndezac.gob.mx\/informatica\/index.php?rest_route=\/wp\/v2\/posts\/981\/revisions"}],"predecessor-version":[{"id":983,"href":"https:\/\/riograndezac.gob.mx\/informatica\/index.php?rest_route=\/wp\/v2\/posts\/981\/revisions\/983"}],"wp:featuredmedia":[{"embeddable":true,"href":"https:\/\/riograndezac.gob.mx\/informatica\/index.php?rest_route=\/wp\/v2\/media\/982"}],"wp:attachment":[{"href":"https:\/\/riograndezac.gob.mx\/informatica\/index.php?rest_route=%2Fwp%2Fv2%2Fmedia&parent=981"}],"wp:term":[{"taxonomy":"category","embeddable":true,"href":"https:\/\/riograndezac.gob.mx\/informatica\/index.php?rest_route=%2Fwp%2Fv2%2Fcategories&post=981"},{"taxonomy":"post_tag","embeddable":true,"href":"https:\/\/riograndezac.gob.mx\/informatica\/index.php?rest_route=%2Fwp%2Fv2%2Ftags&post=981"}],"curies":[{"name":"wp","href":"https:\/\/api.w.org\/{rel}","templated":true}]}}